{"id":17288,"date":"2015-12-11T09:32:43","date_gmt":"2015-12-11T11:32:43","guid":{"rendered":"http:\/\/www.sincomam.org.br\/?p=17288"},"modified":"2015-12-11T09:32:43","modified_gmt":"2015-12-11T11:32:43","slug":"portonave-recebe-premio-fritz-muller-de-gestao-ambiental","status":"publish","type":"post","link":"https:\/\/www.sincomam.org.br\/index.php\/portonave-recebe-premio-fritz-muller-de-gestao-ambiental\/","title":{"rendered":"Portonave recebe Pr\u00eamio Fritz M\u00fcller de Gest\u00e3o Ambiental"},"content":{"rendered":"<p>Na \u00faltima ter\u00e7a-feira (8), a Portonave recebeu o Pr\u00eamio Fritz M\u00fcller de Ecologia, na categoria Gest\u00e3o Socioambiental, com o case Nossa Praia. A homenagem foi recebida pelo engenheiro de Seguran\u00e7a e Meio Ambiente, Gabriel Bueno Telles, em evento promovido pela Funda\u00e7\u00e3o do Meio Ambiente (Fatma) e realizado na sede da Federa\u00e7\u00e3o das Ind\u00fastrias de Santa Catarina (Fiesc).<\/p>\n<p>O projeto Nossa Praia prev\u00ea a Recupera\u00e7\u00e3o e Prote\u00e7\u00e3o da Orla de Navegantes, por meio da recupera\u00e7\u00e3o da restinga com o plantio de milhares de novas mudas de \u00e1rvores nativas, a retirada de esp\u00e9cies ex\u00f3ticas, a elimina\u00e7\u00e3o das estruturas de concretos que interferem no ecossistema e a implanta\u00e7\u00e3o de uma ciclovia ao longo da orla mar\u00edtima. A iniciativa foi desenvolvida a partir de um Plano de Recupera\u00e7\u00e3o de \u00c1reas Degradadas (PRAD), e \u00e9 uma medida de compensa\u00e7\u00e3o pelo uso da \u00e1rea para amplia\u00e7\u00e3o do p\u00e1tio de cont\u00eaineres da Portonave.<\/p>\n<p>Segundo o diretor-superintendente administrativo, Osmari de Castilho Ribas, o Pr\u00eamio \u00e9 um importante reconhecimento ao trabalho de preserva\u00e7\u00e3o ambiental da empresa, que reflete diretamente na qualidade de vida da popula\u00e7\u00e3o de Navegantes. \u201c\u00c9 resultado do empenho em preservar o meio ambiente e da promo\u00e7\u00e3o de a\u00e7\u00f5es fundamentais para a manuten\u00e7\u00e3o dos recursos naturais. Al\u00e9m de ser uma vontade antiga do munic\u00edpio em ter a revitaliza\u00e7\u00e3o da orla. A Portonave buscou realizar esse desejo e junto aos \u00f3rg\u00e3os respons\u00e1veis conseguiu que os recursos dessa compensa\u00e7\u00e3o fossem direcionados para a\u00e7\u00f5es efetivas na cidade\u201d.<\/p>\n<p>O pr\u00eamio Fritz M\u00fcller, que reconhece os principais projetos e trabalhos na \u00e1rea ambiental desenvolvidos em Santa Catarina, \u00e9 uma homenagem ao famoso naturalista alem\u00e3o Johann Friedrich Theodor M\u00fcller, que viveu por muitos anos em Blumenau e foi reconhecido mundialmente por seus estudos relacionados ao meio ambiente.<\/p>\n<p>Fonte: Jornal Floripa<\/p>\n","protected":false},"excerpt":{"rendered":"<p>Na \u00faltima ter\u00e7a-feira (8), a Portonave recebeu o Pr\u00eamio Fritz M\u00fcller de Ecologia, na categoria Gest\u00e3o Socioambiental, com o case Nossa Praia. A homenagem foi&#8230;<\/p>\n","protected":false},"author":1182,"featured_media":8571,"comment_status":"closed","ping_status":"closed","sticky":false,"template":"","format":"standard","meta":{"footnotes":""},"categories":[6],"tags":[],"class_list":["post-17288","post","type-post","status-publish","format-standard","has-post-thumbnail","hentry","category-noticias"],"_links":{"self":[{"href":"https:\/\/www.sincomam.org.br\/index.php\/wp-json\/wp\/v2\/posts\/17288","targetHints":{"allow":["GET"]}}],"collection":[{"href":"https:\/\/www.sincomam.org.br\/index.php\/wp-json\/wp\/v2\/posts"}],"about":[{"href":"https:\/\/www.sincomam.org.br\/index.php\/wp-json\/wp\/v2\/types\/post"}],"author":[{"embeddable":true,"href":"https:\/\/www.sincomam.org.br\/index.php\/wp-json\/wp\/v2\/users\/1182"}],"replies":[{"embeddable":true,"href":"https:\/\/www.sincomam.org.br\/index.php\/wp-json\/wp\/v2\/comments?post=17288"}],"version-history":[{"count":1,"href":"https:\/\/www.sincomam.org.br\/index.php\/wp-json\/wp\/v2\/posts\/17288\/revisions"}],"predecessor-version":[{"id":17289,"href":"https:\/\/www.sincomam.org.br\/index.php\/wp-json\/wp\/v2\/posts\/17288\/revisions\/17289"}],"wp:featuredmedia":[{"embeddable":true,"href":"https:\/\/www.sincomam.org.br\/index.php\/wp-json\/wp\/v2\/media\/8571"}],"wp:attachment":[{"href":"https:\/\/www.sincomam.org.br\/index.php\/wp-json\/wp\/v2\/media?parent=17288"}],"wp:term":[{"taxonomy":"category","embeddable":true,"href":"https:\/\/www.sincomam.org.br\/index.php\/wp-json\/wp\/v2\/categories?post=17288"},{"taxonomy":"post_tag","embeddable":true,"href":"https:\/\/www.sincomam.org.br\/index.php\/wp-json\/wp\/v2\/tags?post=17288"}],"curies":[{"name":"wp","href":"https:\/\/api.w.org\/{rel}","templated":true}]}}