{"id":17284,"date":"2015-12-11T09:29:39","date_gmt":"2015-12-11T11:29:39","guid":{"rendered":"http:\/\/www.sincomam.org.br\/?p=17284"},"modified":"2015-12-11T09:29:39","modified_gmt":"2015-12-11T11:29:39","slug":"ccj-aprova-pensao-vitalicia-de-dois-salarios-minimos-a-ex-integrantes-do-batalhao-suez","status":"publish","type":"post","link":"https:\/\/www.sincomam.org.br\/index.php\/ccj-aprova-pensao-vitalicia-de-dois-salarios-minimos-a-ex-integrantes-do-batalhao-suez\/","title":{"rendered":"CCJ aprova pens\u00e3o vital\u00edcia de dois sal\u00e1rios m\u00ednimos a ex-integrantes do Batalh\u00e3o Suez"},"content":{"rendered":"<p><strong><em>Proposta segue para an\u00e1lise do Plen\u00e1rio da C\u00e2mara<\/em><\/strong><\/p>\n<p>A Constitui\u00e7\u00e3o e Justi\u00e7a e de Cidadania (CCJ) da C\u00e2mara dos Deputados aprovou, nesta ter\u00e7a-feira (8), o Projeto de Lei 8254\/14, do Senado, que concede pens\u00e3o especial vital\u00edcia de dois sal\u00e1rios m\u00ednimos (atualmente, R$ 1.576) aos ex-integrantes do Batalh\u00e3o Suez.<\/p>\n<p>A tropa de 6.300 brasileiros fez parte da for\u00e7a de paz da Organiza\u00e7\u00e3o das Na\u00e7\u00f5es Unidas (ONU) em 1956, com o objetivo de auxiliar o processo de paz e manter a seguran\u00e7a internacional na regi\u00e3o compreendida entre o Canal de Suez, no Egito, e a linha de armist\u00edcio entre Israel e o Egito.<\/p>\n<p>O relator, deputado Valtenir Pereira (PMB-MT), defendeu a aprova\u00e7\u00e3o do texto. Ele destacou que os beneficiados pela pens\u00e3o representaram o Brasil no exterior e merecem reconhecimento. &#8220;Principalmente neste momento dif\u00edcil da vida, com mais de 80 anos, precisam de uma garantia de sobreviv\u00eancia&#8221;, salientou o parlamentar.<\/p>\n<p>De acordo com o representante da associa\u00e7\u00e3o dos ex-integrantes do batalh\u00e3o, Carlos Alberto de Medeiros, alguns de seus colegas passam por dificuldades, e o benef\u00edcio vai garantir dignidade a esses ex-combatentes. &#8220;Fomos exclu\u00eddos do Ex\u00e9rcito sem qualquer exame m\u00e9dico, apesar de termos vindo de uma das regi\u00f5es mais end\u00eamicas e violentas do mundo, e muitos colegas tiveram doen\u00e7as graves&#8221;, disse.<\/p>\n<p><strong>Requisitos<\/strong><\/p>\n<p>Pelo texto, para receber o benef\u00edcio, \u00e9 necess\u00e1rio ter renda mensal inferior a dois sal\u00e1rios m\u00ednimos ou renda insuficiente para a subsist\u00eancia.<\/p>\n<p>A comprova\u00e7\u00e3o dos servi\u00e7os no Batalh\u00e3o de Suez dever\u00e1 ser feita por meio de provas materiais perante \u00f3rg\u00e3o competente do Minist\u00e9rio do Trabalho e da Previd\u00eancia Social. Os pedidos de concess\u00e3o do benef\u00edcio ter\u00e3o de ser julgados no prazo de 45 dias. Ap\u00f3s reconhecimento judicial, a pens\u00e3o ser\u00e1 paga em, no m\u00e1ximo, 30 dias.<\/p>\n<p>O valor da pens\u00e3o especial ser\u00e1 reajustado sempre no m\u00eas de janeiro, de acordo com a varia\u00e7\u00e3o anual do \u00cdndice Nacional de Pre\u00e7os ao Consumidor (INPC) ou do \u00edndice que reajusta as aposentadorias do Instituto Nacional do Seguro Social (INSS).<\/p>\n<p><strong>Tramita\u00e7\u00e3o<\/strong><\/p>\n<p>O projeto, j\u00e1 aprovado em todas as comiss\u00f5es da C\u00e2mara por onde passou, ser\u00e1 analisado ainda pelo Plen\u00e1rio.<\/p>\n<p><strong>\u00cdNTEGRA DA PROPOSTA:<\/strong><\/p>\n<p>PL-8254\/2014<\/p>\n<p>Reportagem &#8211; Marcello Larcher<\/p>\n<p>Edi\u00e7\u00e3o &#8211; Marcelo Oliveira<\/p>\n<p>Fonte: Ag\u00eancia C\u00e2mara Not\u00edcias<\/p>\n<p>&nbsp;<\/p>\n","protected":false},"excerpt":{"rendered":"<p>Proposta segue para an\u00e1lise do Plen\u00e1rio da C\u00e2mara A Constitui\u00e7\u00e3o e Justi\u00e7a e de Cidadania (CCJ) da C\u00e2mara dos Deputados aprovou, nesta ter\u00e7a-feira (8), o&#8230;<\/p>\n","protected":false},"author":1182,"featured_media":3450,"comment_status":"closed","ping_status":"closed","sticky":false,"template":"","format":"standard","meta":{"footnotes":""},"categories":[6],"tags":[],"class_list":["post-17284","post","type-post","status-publish","format-standard","has-post-thumbnail","hentry","category-noticias"],"_links":{"self":[{"href":"https:\/\/www.sincomam.org.br\/index.php\/wp-json\/wp\/v2\/posts\/17284","targetHints":{"allow":["GET"]}}],"collection":[{"href":"https:\/\/www.sincomam.org.br\/index.php\/wp-json\/wp\/v2\/posts"}],"about":[{"href":"https:\/\/www.sincomam.org.br\/index.php\/wp-json\/wp\/v2\/types\/post"}],"author":[{"embeddable":true,"href":"https:\/\/www.sincomam.org.br\/index.php\/wp-json\/wp\/v2\/users\/1182"}],"replies":[{"embeddable":true,"href":"https:\/\/www.sincomam.org.br\/index.php\/wp-json\/wp\/v2\/comments?post=17284"}],"version-history":[{"count":1,"href":"https:\/\/www.sincomam.org.br\/index.php\/wp-json\/wp\/v2\/posts\/17284\/revisions"}],"predecessor-version":[{"id":17285,"href":"https:\/\/www.sincomam.org.br\/index.php\/wp-json\/wp\/v2\/posts\/17284\/revisions\/17285"}],"wp:featuredmedia":[{"embeddable":true,"href":"https:\/\/www.sincomam.org.br\/index.php\/wp-json\/wp\/v2\/media\/3450"}],"wp:attachment":[{"href":"https:\/\/www.sincomam.org.br\/index.php\/wp-json\/wp\/v2\/media?parent=17284"}],"wp:term":[{"taxonomy":"category","embeddable":true,"href":"https:\/\/www.sincomam.org.br\/index.php\/wp-json\/wp\/v2\/categories?post=17284"},{"taxonomy":"post_tag","embeddable":true,"href":"https:\/\/www.sincomam.org.br\/index.php\/wp-json\/wp\/v2\/tags?post=17284"}],"curies":[{"name":"wp","href":"https:\/\/api.w.org\/{rel}","templated":true}]}}