{"id":17272,"date":"2015-12-10T11:14:45","date_gmt":"2015-12-10T13:14:45","guid":{"rendered":"http:\/\/www.sincomam.org.br\/?p=17272"},"modified":"2015-12-10T11:14:45","modified_gmt":"2015-12-10T13:14:45","slug":"proximo-leilao-de-portos-deve-acontecer-em-marco-de-2016","status":"publish","type":"post","link":"https:\/\/www.sincomam.org.br\/index.php\/proximo-leilao-de-portos-deve-acontecer-em-marco-de-2016\/","title":{"rendered":"Pr\u00f3ximo leil\u00e3o de portos deve acontecer em mar\u00e7o de 2016"},"content":{"rendered":"<p>O pr\u00f3ximo leil\u00e3o de terminais portu\u00e1rios dever\u00e1 ocorrer em mar\u00e7o de 2016, segundo o ministro da Secretaria de Portos, Helder Barbalho. No lote dever\u00e1 estar inclu\u00edda a \u00e1rea do Porto de Vila do Conde, no Par\u00e1, para qual n\u00e3o houve interessados e que foi retirada do leil\u00e3o feito ontem, quarta-feira (9), na Bolsa de Valores de S\u00e3o Paulo (Bovespa). No certame foram arrendadas tr\u00eas \u00e1reas no Porto de Santos, litoral paulista, em um valor toral de R$ 430 milh\u00f5es.<\/p>\n<p>De acordo com Barbalho, o governo vai conversar com empres\u00e1rios para saber quais foram as raz\u00f5es para que nenhum cons\u00f3rcio apresentasse propostas para a concess\u00e3o no porto paraense. \u201cA nossa estrat\u00e9gia ser\u00e1 ouvir o mercado para compreender e interpretar as raz\u00f5es pela qual n\u00e3o houve formaliza\u00e7\u00e3o das propostas\u201d, enfatizou o ministro.<\/p>\n<p>O edital da pr\u00f3xima rodada de arrendamentos dever\u00e1 ofertar cinco \u00e1reas em portos do Par\u00e1. Segundo Barbalho, \u00e9 necess\u00e1rio expandir a infraestrutura portu\u00e1ria na Regi\u00e3o Norte para facilitar o escoamento de gr\u00e3os produzidos no Centro-Oeste. \u201cPara a atividade do agroneg\u00f3cio de gr\u00e3os essas outras alternativas s\u00e3o fundamentais\u201d, ressaltou. Atualmente, grande parte da safra \u00e9 exportada pelos portos de Santos e Paranagu\u00e1, no Paran\u00e1.<\/p>\n<p>O resultado do leil\u00e3o de ontem foi visto como um sucesso pelo governo. \u201cO leil\u00e3o de hoje \u00e9 um sucesso, Viabiliza R$ 1,460 bilh\u00e3o de recursos para o governo federal. Seja na forma do pagamento \u00e0 vista, na entrada, os R$ 430 milh\u00f5es de hoje. Seja na forma das taxas de manuten\u00e7\u00e3o que v\u00e3o ser pagas \u00e0 Codesp [Companhia Docas do Estado de S\u00e3o Paulo]\u201d, avaliou o ministro do Planejamento, Nelson Barbosa. Al\u00e9m do R$ 1,027 bilh\u00e3o que ser\u00e1 pago ao longo de 25 anos a Codesp, os arrendat\u00e1rios dever\u00e3o fazer investimentos de R$ 608 milh\u00f5es.<\/p>\n<p>Barbosa destacou que o leil\u00e3o de hoje \u00e9 uma parte das concess\u00f5es planejadas para os pr\u00f3ximos anos. \u201cPrograma que envolve concess\u00f5es n\u00e3o s\u00f3 na \u00e1rea de portos. Envolve concess\u00f5es na \u00e1rea de aeroportos, rodovias e ferrovias\u201d, disse.<\/p>\n<p>No leil\u00e3o de hoje, o cons\u00f3rcio LDC Brasil BSL pagou R$ 303,069 milh\u00f5es por um lote de 46, 8 mil metros quadrados no Bairro da Ponta da Praia. O cons\u00f3rcio formado pelos grupos Louis Dreyfus e Cargill dever\u00e1 substituir o atual sistema de embarque de gr\u00e3os vegetais do cais por um novo conjunto, com capacidade de, no m\u00ednimo, 3 mil toneladas por hora.<\/p>\n<p>A Fibria Celulose arrendou 33 mil metros quadrados no bairro do Macuco por R$ 115,047 milh\u00f5es. O local tem equipamentos para descarga, embarque e armazenagem de papel e celulose. A vencedora dever\u00e1, no entanto, garantir movimenta\u00e7\u00e3o anual m\u00ednima de 1,6 milh\u00e3o de toneladas por ano, a partir do quinto ano de contrato.<\/p>\n<p>A Marimex Transportes e Servi\u00e7os ganhou, com uma proposta de R$ 12,5 milh\u00f5es, o arrendamento da \u00e1rea para constru\u00e7\u00e3o de um terminal de celulose, no Bairro do Paquet\u00e1. S\u00e3o 22,5 mil metros quadrados de \u00e1rea nos quais ser\u00e3o implantados equipamentos e edifica\u00e7\u00f5es para a recep\u00e7\u00e3o de cargas no terminal, al\u00e9m de armazenagem e embarque nos navios. Os investimentos est\u00e3o estimados em R$ 250 milh\u00f5es.<\/p>\n<p>Fonte: Ag\u00eancia Brasil<\/p>\n","protected":false},"excerpt":{"rendered":"<p>O pr\u00f3ximo leil\u00e3o de terminais portu\u00e1rios dever\u00e1 ocorrer em mar\u00e7o de 2016, segundo o ministro da Secretaria de Portos, Helder Barbalho. No lote dever\u00e1 estar&#8230;<\/p>\n","protected":false},"author":1182,"featured_media":286,"comment_status":"closed","ping_status":"closed","sticky":false,"template":"","format":"standard","meta":{"footnotes":""},"categories":[6],"tags":[],"class_list":["post-17272","post","type-post","status-publish","format-standard","has-post-thumbnail","hentry","category-noticias"],"_links":{"self":[{"href":"https:\/\/www.sincomam.org.br\/index.php\/wp-json\/wp\/v2\/posts\/17272","targetHints":{"allow":["GET"]}}],"collection":[{"href":"https:\/\/www.sincomam.org.br\/index.php\/wp-json\/wp\/v2\/posts"}],"about":[{"href":"https:\/\/www.sincomam.org.br\/index.php\/wp-json\/wp\/v2\/types\/post"}],"author":[{"embeddable":true,"href":"https:\/\/www.sincomam.org.br\/index.php\/wp-json\/wp\/v2\/users\/1182"}],"replies":[{"embeddable":true,"href":"https:\/\/www.sincomam.org.br\/index.php\/wp-json\/wp\/v2\/comments?post=17272"}],"version-history":[{"count":1,"href":"https:\/\/www.sincomam.org.br\/index.php\/wp-json\/wp\/v2\/posts\/17272\/revisions"}],"predecessor-version":[{"id":17273,"href":"https:\/\/www.sincomam.org.br\/index.php\/wp-json\/wp\/v2\/posts\/17272\/revisions\/17273"}],"wp:featuredmedia":[{"embeddable":true,"href":"https:\/\/www.sincomam.org.br\/index.php\/wp-json\/wp\/v2\/media\/286"}],"wp:attachment":[{"href":"https:\/\/www.sincomam.org.br\/index.php\/wp-json\/wp\/v2\/media?parent=17272"}],"wp:term":[{"taxonomy":"category","embeddable":true,"href":"https:\/\/www.sincomam.org.br\/index.php\/wp-json\/wp\/v2\/categories?post=17272"},{"taxonomy":"post_tag","embeddable":true,"href":"https:\/\/www.sincomam.org.br\/index.php\/wp-json\/wp\/v2\/tags?post=17272"}],"curies":[{"name":"wp","href":"https:\/\/api.w.org\/{rel}","templated":true}]}}