{"id":17255,"date":"2015-12-09T10:13:55","date_gmt":"2015-12-09T12:13:55","guid":{"rendered":"http:\/\/www.sincomam.org.br\/?p=17255"},"modified":"2015-12-09T14:14:28","modified_gmt":"2015-12-09T16:14:28","slug":"eisa-lanca-o-porta-conteiner-log-in-jequitiba","status":"publish","type":"post","link":"https:\/\/www.sincomam.org.br\/index.php\/eisa-lanca-o-porta-conteiner-log-in-jequitiba\/","title":{"rendered":"EISA lan\u00e7a o porta-cont\u00eainer &#8216;Log-In Jequitib\u00e1&#8217;"},"content":{"rendered":"<p>O estaleiro Eisa, localizado no Rio de Janeiro, lan\u00e7a ao mar nesta quarta-feira (9) o navio porta-cont\u00eainer &#8220;Log-In Jequitib\u00e1&#8221; (casco EI-506). Esta \u00e9 a quinta embarca\u00e7\u00e3o de uma encomenda de sete feitas pela Log-In Log\u00edstica Intermodal ao Eisa. O investimento da empresa no projeto de constru\u00e7\u00e3o \u00e9 superior a R$ 1 bilh\u00e3o.<\/p>\n<p>O &#8220;Log-In Jequitib\u00e1&#8221; possui 218,45 metros de comprimento total e capacidade para transporte de at\u00e9 2.808 TEUs ou cerca de 38 mil toneladas de porte bruto. A nova embarca\u00e7\u00e3o tem estrutura para transporte de cont\u00eainer de elevado peso e refrigerados, com 200 tomadas para cont\u00eaineres frigor\u00edficos.<\/p>\n<p>A madrinha do navio \u00e9 Laira Vanessa Lage Gon\u00e7alves, diretora do Departamento da Marinha Mercante, do Minist\u00e9rio dos Transportes.<\/p>\n<p>O Eisa entregou tr\u00eas embarca\u00e7\u00f5es da s\u00e9rie, sendo dois porta-cont\u00eaineres (&#8220;Log-In Jatob\u00e1&#8221; e &#8220;Log-In Jacarand\u00e1&#8221;) e um graneleiro (&#8220;Log-In Tambaqui&#8221;). Al\u00e9m destes, foi lan\u00e7ado o graneleiro &#8220;Log-In Tucunar\u00e9&#8221;. Faltam ser lan\u00e7ados ainda dois porta-cont\u00eaineres.<\/p>\n<p><strong>Caracter\u00edsticas<\/strong><\/p>\n<p>Comprimento total: 218,45 metros<\/p>\n<p>Boca: 29,8 metros<\/p>\n<p>Calado de ver\u00e3o: 11,6 metros<\/p>\n<p>Pot\u00eancia: 18.780kW<\/p>\n<p>Classificadora: Bureu Veritas<\/p>\n<p>Projetista: Projemar<\/p>\n<p>Fonte: Portos e Navios \/ Lan\u00e7amento do\u00a0<span>Log-In Tucunar\u00e9<\/span><\/p>\n","protected":false},"excerpt":{"rendered":"<p>O estaleiro Eisa, localizado no Rio de Janeiro, lan\u00e7a ao mar nesta quarta-feira (9) o navio porta-cont\u00eainer &#8220;Log-In Jequitib\u00e1&#8221; (casco EI-506). Esta \u00e9 a quinta&#8230;<\/p>\n","protected":false},"author":1182,"featured_media":17257,"comment_status":"closed","ping_status":"closed","sticky":false,"template":"","format":"standard","meta":{"footnotes":""},"categories":[6],"tags":[],"class_list":["post-17255","post","type-post","status-publish","format-standard","has-post-thumbnail","hentry","category-noticias"],"_links":{"self":[{"href":"https:\/\/www.sincomam.org.br\/index.php\/wp-json\/wp\/v2\/posts\/17255","targetHints":{"allow":["GET"]}}],"collection":[{"href":"https:\/\/www.sincomam.org.br\/index.php\/wp-json\/wp\/v2\/posts"}],"about":[{"href":"https:\/\/www.sincomam.org.br\/index.php\/wp-json\/wp\/v2\/types\/post"}],"author":[{"embeddable":true,"href":"https:\/\/www.sincomam.org.br\/index.php\/wp-json\/wp\/v2\/users\/1182"}],"replies":[{"embeddable":true,"href":"https:\/\/www.sincomam.org.br\/index.php\/wp-json\/wp\/v2\/comments?post=17255"}],"version-history":[{"count":1,"href":"https:\/\/www.sincomam.org.br\/index.php\/wp-json\/wp\/v2\/posts\/17255\/revisions"}],"predecessor-version":[{"id":17258,"href":"https:\/\/www.sincomam.org.br\/index.php\/wp-json\/wp\/v2\/posts\/17255\/revisions\/17258"}],"wp:featuredmedia":[{"embeddable":true,"href":"https:\/\/www.sincomam.org.br\/index.php\/wp-json\/wp\/v2\/media\/17257"}],"wp:attachment":[{"href":"https:\/\/www.sincomam.org.br\/index.php\/wp-json\/wp\/v2\/media?parent=17255"}],"wp:term":[{"taxonomy":"category","embeddable":true,"href":"https:\/\/www.sincomam.org.br\/index.php\/wp-json\/wp\/v2\/categories?post=17255"},{"taxonomy":"post_tag","embeddable":true,"href":"https:\/\/www.sincomam.org.br\/index.php\/wp-json\/wp\/v2\/tags?post=17255"}],"curies":[{"name":"wp","href":"https:\/\/api.w.org\/{rel}","templated":true}]}}