{"id":17245,"date":"2015-12-09T11:48:35","date_gmt":"2015-12-09T13:48:35","guid":{"rendered":"http:\/\/www.sincomam.org.br\/?p=17245"},"modified":"2015-12-09T11:48:35","modified_gmt":"2015-12-09T13:48:35","slug":"leilao-de-areas-de-portos-encolhe-por-falta-de-interessados","status":"publish","type":"post","link":"https:\/\/www.sincomam.org.br\/index.php\/leilao-de-areas-de-portos-encolhe-por-falta-de-interessados\/","title":{"rendered":"Leil\u00e3o de \u00e1reas de portos encolhe por falta de interessados"},"content":{"rendered":"<p>O governo federal decidiu, na noite de segunda-feira (7), reduzir o n\u00famero de \u00e1reas portu\u00e1rias que v\u00e3o a leil\u00e3o hoje, quarta-feira, porque n\u00e3o surgiram interessados para um arrendamento no porto de Vila do Conde, no Par\u00e1. S\u00f3 se cadastraram para participar do leil\u00e3o cinco interessados em tr\u00eas \u00e1reas no porto de Santos.<\/p>\n<p>Segundo fonte do governo, a estrat\u00e9gia de retirar a \u00e1rea de transporte de gr\u00e3os do Par\u00e1 do leil\u00e3o &#8211; que sozinha asseguraria investimentos de R$ 501 milh\u00f5es &#8211; \u00e9 mostrar que o leil\u00e3o ainda poder\u00e1 ter sucesso com a oferta apenas dos tr\u00eas arrendamentos de Santos, mesmo em meio a uma severa crise econ\u00f4mico-pol\u00edtica do pa\u00eds. As tr\u00eas \u00e1reas do porto paulista devem assegurar outros cerca de R$ 500 milh\u00f5es em investimentos de longo prazo.<\/p>\n<p>A ideia do governo \u00e9 &#8220;reavaliar e reformatar&#8221; o padr\u00e3o de leil\u00e3o de \u00e1reas no Par\u00e1. O governo previa que, logo em seguida ao leil\u00e3o de amanh\u00e3, o governo ofereceria outras quatro \u00e1reas no Par\u00e1. N\u00e3o est\u00e1 mais definido quando e como isso ocorrer\u00e1, depois da frustra\u00e7\u00e3o com interessados nas \u00e1reas do estado.<\/p>\n<p>Sem as \u00e1reas da regi\u00e3o Norte, que poderiam ampliar o escoamento de produ\u00e7\u00e3o agr\u00edcola do interior do pa\u00eds por aquele caminho, reduzindo custos log\u00edsticos, o governo federal ainda assegura alguma arrecada\u00e7\u00e3o com outorgas no leil\u00e3o de amanh\u00e3. Isso porque vencer\u00e1 as \u00e1reas aqueles que apresentarem maior pagamento de outorgas.<\/p>\n<p>Com apenas cinco interessados em tr\u00eas \u00e1reas, por\u00e9m, \u00e9 prov\u00e1vel que alguma das \u00e1reas tenha apenas um concorrente. O governo federal esperava arrecadar cerca de R$ 1 bilh\u00e3o em outorgas com esse leil\u00e3o originalmente. A frustra\u00e7\u00e3o pode, portanto, agravar o d\u00e9ficit fiscal neste ano.<\/p>\n<p>Fonte: Jornal do Commercio (POA)<\/p>\n","protected":false},"excerpt":{"rendered":"<p>O governo federal decidiu, na noite de segunda-feira (7), reduzir o n\u00famero de \u00e1reas portu\u00e1rias que v\u00e3o a leil\u00e3o hoje, quarta-feira, porque n\u00e3o surgiram interessados&#8230;<\/p>\n","protected":false},"author":1182,"featured_media":286,"comment_status":"closed","ping_status":"closed","sticky":false,"template":"","format":"standard","meta":{"footnotes":""},"categories":[6],"tags":[],"class_list":["post-17245","post","type-post","status-publish","format-standard","has-post-thumbnail","hentry","category-noticias"],"_links":{"self":[{"href":"https:\/\/www.sincomam.org.br\/index.php\/wp-json\/wp\/v2\/posts\/17245","targetHints":{"allow":["GET"]}}],"collection":[{"href":"https:\/\/www.sincomam.org.br\/index.php\/wp-json\/wp\/v2\/posts"}],"about":[{"href":"https:\/\/www.sincomam.org.br\/index.php\/wp-json\/wp\/v2\/types\/post"}],"author":[{"embeddable":true,"href":"https:\/\/www.sincomam.org.br\/index.php\/wp-json\/wp\/v2\/users\/1182"}],"replies":[{"embeddable":true,"href":"https:\/\/www.sincomam.org.br\/index.php\/wp-json\/wp\/v2\/comments?post=17245"}],"version-history":[{"count":1,"href":"https:\/\/www.sincomam.org.br\/index.php\/wp-json\/wp\/v2\/posts\/17245\/revisions"}],"predecessor-version":[{"id":17246,"href":"https:\/\/www.sincomam.org.br\/index.php\/wp-json\/wp\/v2\/posts\/17245\/revisions\/17246"}],"wp:featuredmedia":[{"embeddable":true,"href":"https:\/\/www.sincomam.org.br\/index.php\/wp-json\/wp\/v2\/media\/286"}],"wp:attachment":[{"href":"https:\/\/www.sincomam.org.br\/index.php\/wp-json\/wp\/v2\/media?parent=17245"}],"wp:term":[{"taxonomy":"category","embeddable":true,"href":"https:\/\/www.sincomam.org.br\/index.php\/wp-json\/wp\/v2\/categories?post=17245"},{"taxonomy":"post_tag","embeddable":true,"href":"https:\/\/www.sincomam.org.br\/index.php\/wp-json\/wp\/v2\/tags?post=17245"}],"curies":[{"name":"wp","href":"https:\/\/api.w.org\/{rel}","templated":true}]}}