{"id":17241,"date":"2015-12-09T11:37:52","date_gmt":"2015-12-09T13:37:52","guid":{"rendered":"http:\/\/www.sincomam.org.br\/?p=17241"},"modified":"2015-12-09T11:37:52","modified_gmt":"2015-12-09T13:37:52","slug":"inscricoes-abertas-concurso-publico-para-docente-na-area-fisicanaval","status":"publish","type":"post","link":"https:\/\/www.sincomam.org.br\/index.php\/inscricoes-abertas-concurso-publico-para-docente-na-area-fisicanaval\/","title":{"rendered":"Inscri\u00e7\u00f5es abertas concurso p\u00fablico para docente na \u00e1rea: f\u00edsica\/naval"},"content":{"rendered":"<p>A Fatec Jahu est\u00e1 com inscri\u00e7\u00f5es abertas at\u00e9 dia 21 de dezembro do concurso p\u00fablico para professor de ensino superior para Mec\u00e2nica Aplicada \u00e0 Ind\u00fastria Naval II. O processo pretende preencher uma vaga, mediante admiss\u00e3o para emprego p\u00fablico permanente para o Curso Superior de Tecnologia em Sistemas Navais.<\/p>\n<p>As \u00e1reas relacionadas com a disciplina s\u00e3o: F\u00edsica\/ Engenharia Naval e Oce\u00e2nica. Os interessados devem ter gradua\u00e7\u00e3o e titula\u00e7\u00e3o em programas de mestrado ou doutorado, sendo a gradua\u00e7\u00e3o ou a titula\u00e7\u00e3o; ou Gradua\u00e7\u00e3o e especializa\u00e7\u00e3o, cumulativamente e possuir experi\u00eancia profissional relevante de pelo menos tr\u00eas anos; ou gradua\u00e7\u00e3o e possuir experi\u00eancia profissional relevante de pelo menos cinco anos, lembrando que todos os requisitos devem ser na \u00e1rea da disciplina.<\/p>\n<p>As inscri\u00e7\u00f5es ser\u00e3o feitas na Diretoria das 13h30 \u00e0s 16h30, na Fatec Jahu que fica na rua Frei Galv\u00e3o, s\/n\u00ba, no bairro Jadrim Ometto. Outras informa\u00e7\u00f5es pelo telefone (14) 3622-8280 ramal 221 ou pelo e-mail diretoria@fatecjahu.edu.br. N\u00e3o haver\u00e1 atendimento aos s\u00e1bados, domingos, feriados, pontos facultativos.<\/p>\n<p>Para outras informa\u00e7\u00f5es, o edital completo est\u00e1 dispon\u00edvel no link <a href=\"https:\/\/www.fatecjahu.edu.br\/noticia\/inscricoes-abertas-concurso-publico-para-docente-na-area:-fisicanaval\">https:\/\/www.fatecjahu.edu.br\/noticia\/inscricoes-abertas-concurso-publico-para-docente-na-area:-fisicanaval<\/a><\/p>\n<p>Fonte: Portos e Navios<\/p>\n","protected":false},"excerpt":{"rendered":"<p>A Fatec Jahu est\u00e1 com inscri\u00e7\u00f5es abertas at\u00e9 dia 21 de dezembro do concurso p\u00fablico para professor de ensino superior para Mec\u00e2nica Aplicada \u00e0 Ind\u00fastria&#8230;<\/p>\n","protected":false},"author":1182,"featured_media":7619,"comment_status":"closed","ping_status":"closed","sticky":false,"template":"","format":"standard","meta":{"footnotes":""},"categories":[6],"tags":[],"class_list":["post-17241","post","type-post","status-publish","format-standard","has-post-thumbnail","hentry","category-noticias"],"_links":{"self":[{"href":"https:\/\/www.sincomam.org.br\/index.php\/wp-json\/wp\/v2\/posts\/17241","targetHints":{"allow":["GET"]}}],"collection":[{"href":"https:\/\/www.sincomam.org.br\/index.php\/wp-json\/wp\/v2\/posts"}],"about":[{"href":"https:\/\/www.sincomam.org.br\/index.php\/wp-json\/wp\/v2\/types\/post"}],"author":[{"embeddable":true,"href":"https:\/\/www.sincomam.org.br\/index.php\/wp-json\/wp\/v2\/users\/1182"}],"replies":[{"embeddable":true,"href":"https:\/\/www.sincomam.org.br\/index.php\/wp-json\/wp\/v2\/comments?post=17241"}],"version-history":[{"count":1,"href":"https:\/\/www.sincomam.org.br\/index.php\/wp-json\/wp\/v2\/posts\/17241\/revisions"}],"predecessor-version":[{"id":17242,"href":"https:\/\/www.sincomam.org.br\/index.php\/wp-json\/wp\/v2\/posts\/17241\/revisions\/17242"}],"wp:featuredmedia":[{"embeddable":true,"href":"https:\/\/www.sincomam.org.br\/index.php\/wp-json\/wp\/v2\/media\/7619"}],"wp:attachment":[{"href":"https:\/\/www.sincomam.org.br\/index.php\/wp-json\/wp\/v2\/media?parent=17241"}],"wp:term":[{"taxonomy":"category","embeddable":true,"href":"https:\/\/www.sincomam.org.br\/index.php\/wp-json\/wp\/v2\/categories?post=17241"},{"taxonomy":"post_tag","embeddable":true,"href":"https:\/\/www.sincomam.org.br\/index.php\/wp-json\/wp\/v2\/tags?post=17241"}],"curies":[{"name":"wp","href":"https:\/\/api.w.org\/{rel}","templated":true}]}}