{"id":17231,"date":"2015-12-08T08:26:26","date_gmt":"2015-12-08T10:26:26","guid":{"rendered":"http:\/\/www.sincomam.org.br\/?p=17231"},"modified":"2015-12-08T01:37:23","modified_gmt":"2015-12-08T03:37:23","slug":"manaus-ganhara-terminal-ate-2018","status":"publish","type":"post","link":"https:\/\/www.sincomam.org.br\/index.php\/manaus-ganhara-terminal-ate-2018\/","title":{"rendered":"Manaus ganhar\u00e1 terminal at\u00e9 2018"},"content":{"rendered":"<p><strong><em>Investimentos somam R$ 1,86 milh\u00e3o<\/em><\/strong><\/p>\n<p>Com investimentos que somam R$ 1,86 milh\u00e3o, Manaus receber\u00e1 at\u00e9 2018, uma Esta\u00e7\u00e3o de Transbordo de Carga, que ser\u00e1 um TUP (Terminal de Uso Privado) operado pela Ponta Negra Administra\u00e7\u00e3o e Empreendimentos. A \u00e1rea autorizada para a explora\u00e7\u00e3o da Instala\u00e7\u00e3o Portu\u00e1ria corresponde a 26.090 metros quadrados, em terreno do qual a empresa Ponta Negra det\u00e9m o direito de uso e frui\u00e7\u00e3o para a finalidade desse contrato, compreendendo inclusive as benfeitorias que integram as respectivas instala\u00e7\u00f5es.<\/p>\n<p>Segundo o ministro da SEP (Secretaria Especial de Portos), Helder Barbalho, esse \u00e9 mais um investimento no setor portu\u00e1rio. Dessa vez no Estado do Amazonas. \u201cEsse \u00e9 um investimento que se soma a todos os outros j\u00e1 anunciados por aqueles que querem investir no Brasil\u201d.<\/p>\n<p>O prazo de implanta\u00e7\u00e3o \u00e9 de 3 anos, podendo ser prorrogado por igual per\u00edodo, a crit\u00e9rio da SEP. O futuro terminal vai movimentar e armazenar cargas destinadas ou provenientes de transporte aquavi\u00e1rio. \u201cEstamos engajados para desenvolver nosso projeto portu\u00e1rio no Estado do Amazonas\u201d, afirmou a acionista da Ponta Negra, Leonor do Carmo Mota Vila.<\/p>\n<p>O contrato ter\u00e1 vig\u00eancia de 25 anos, contados da data da assinatura e \u00e9 prorrog\u00e1vel por per\u00edodos sucessivos. A companhia dever\u00e1 ainda manifestar seu interesse na prorroga\u00e7\u00e3o do presente Contrato de Ades\u00e3o com 18 meses de anteced\u00eancia de sua expira\u00e7\u00e3o, devendo apresentar proposta de novos investimentos para a expans\u00e3o e moderniza\u00e7\u00e3o das instala\u00e7\u00f5es portu\u00e1rias, como disposto na nova lei dos portos.<\/p>\n<p>Fonte: Guia Mar\u00edtimo<\/p>\n","protected":false},"excerpt":{"rendered":"<p>Investimentos somam R$ 1,86 milh\u00e3o Com investimentos que somam R$ 1,86 milh\u00e3o, Manaus receber\u00e1 at\u00e9 2018, uma Esta\u00e7\u00e3o de Transbordo de Carga, que ser\u00e1 um&#8230;<\/p>\n","protected":false},"author":1182,"featured_media":6060,"comment_status":"closed","ping_status":"closed","sticky":false,"template":"","format":"standard","meta":{"footnotes":""},"categories":[6],"tags":[],"class_list":["post-17231","post","type-post","status-publish","format-standard","has-post-thumbnail","hentry","category-noticias"],"_links":{"self":[{"href":"https:\/\/www.sincomam.org.br\/index.php\/wp-json\/wp\/v2\/posts\/17231","targetHints":{"allow":["GET"]}}],"collection":[{"href":"https:\/\/www.sincomam.org.br\/index.php\/wp-json\/wp\/v2\/posts"}],"about":[{"href":"https:\/\/www.sincomam.org.br\/index.php\/wp-json\/wp\/v2\/types\/post"}],"author":[{"embeddable":true,"href":"https:\/\/www.sincomam.org.br\/index.php\/wp-json\/wp\/v2\/users\/1182"}],"replies":[{"embeddable":true,"href":"https:\/\/www.sincomam.org.br\/index.php\/wp-json\/wp\/v2\/comments?post=17231"}],"version-history":[{"count":1,"href":"https:\/\/www.sincomam.org.br\/index.php\/wp-json\/wp\/v2\/posts\/17231\/revisions"}],"predecessor-version":[{"id":17232,"href":"https:\/\/www.sincomam.org.br\/index.php\/wp-json\/wp\/v2\/posts\/17231\/revisions\/17232"}],"wp:featuredmedia":[{"embeddable":true,"href":"https:\/\/www.sincomam.org.br\/index.php\/wp-json\/wp\/v2\/media\/6060"}],"wp:attachment":[{"href":"https:\/\/www.sincomam.org.br\/index.php\/wp-json\/wp\/v2\/media?parent=17231"}],"wp:term":[{"taxonomy":"category","embeddable":true,"href":"https:\/\/www.sincomam.org.br\/index.php\/wp-json\/wp\/v2\/categories?post=17231"},{"taxonomy":"post_tag","embeddable":true,"href":"https:\/\/www.sincomam.org.br\/index.php\/wp-json\/wp\/v2\/tags?post=17231"}],"curies":[{"name":"wp","href":"https:\/\/api.w.org\/{rel}","templated":true}]}}