{"id":17222,"date":"2015-12-08T08:13:09","date_gmt":"2015-12-08T10:13:09","guid":{"rendered":"http:\/\/www.sincomam.org.br\/?p=17222"},"modified":"2015-12-08T00:25:25","modified_gmt":"2015-12-08T02:25:25","slug":"aprovacao-de-lei-resolve-impasse-e-edital-de-dragagem-sai-na-proxima-semana","status":"publish","type":"post","link":"https:\/\/www.sincomam.org.br\/index.php\/aprovacao-de-lei-resolve-impasse-e-edital-de-dragagem-sai-na-proxima-semana\/","title":{"rendered":"Aprova\u00e7\u00e3o de lei resolve impasse e edital de dragagem sai na pr\u00f3xima semana"},"content":{"rendered":"<p>O deputado federal D\u00e9cio Lima (PT) anunciou na reuni\u00e3o do Conselho de Autoridade Portu\u00e1ria de Itaja\u00ed (CAP), na da \u00faltima sexta-feira, que foi resolvido o impasse que envolvia a dragagem emergencial do canal de acesso aos portos de Itaja\u00ed e Navegantes. Com a aprova\u00e7\u00e3o do PLN 5, o projeto de lei que altera a meta fiscal do governo federal, ficou autorizada a transfer\u00eancia de R$ 68 milh\u00f5es para a obra.<\/p>\n<p>De acordo com o deputado, o ministro Helder Barbalho afirmou que o edital de licita\u00e7\u00e3o, em modelo RDC (que integra as etapas e agiliza o processo) ser\u00e1 lan\u00e7ado na pr\u00f3xima semana. A expectativa \u00e9 que, contando os prazos do processo licitat\u00f3rio, a obra possa come\u00e7ar em fevereiro ou mar\u00e7o do ano que vem.<\/p>\n<p><strong>Preju\u00edzo<\/strong><\/p>\n<p>O assoreamento do canal de acesso, provocado pelos sedimentos que desceram o Itaja\u00ed-a\u00e7u durante a cheia de outubro, alterou o calado para 10,5 metros e interferiu diretamente na navega\u00e7\u00e3o. O munic\u00edpio tentou viabilizar a dragagem atrav\u00e9s de um decreto de emerg\u00eancia, que n\u00e3o foi aceito pela Defesa Civil nacional.<\/p>\n<p>A demora no reaprofundamento do calado pode passar a prejudicar as escalas e afastar novos armadores, o que poderia elevar a sequ\u00eancia de preju\u00edzos no Porto de Itaja\u00ed.<\/p>\n<p>Fonte: Clic RBS\/Dagamara Spautz<\/p>\n","protected":false},"excerpt":{"rendered":"<p>O deputado federal D\u00e9cio Lima (PT) anunciou na reuni\u00e3o do Conselho de Autoridade Portu\u00e1ria de Itaja\u00ed (CAP), na da \u00faltima sexta-feira, que foi resolvido o&#8230;<\/p>\n","protected":false},"author":1182,"featured_media":4044,"comment_status":"closed","ping_status":"closed","sticky":false,"template":"","format":"standard","meta":{"footnotes":""},"categories":[6],"tags":[],"class_list":["post-17222","post","type-post","status-publish","format-standard","has-post-thumbnail","hentry","category-noticias"],"_links":{"self":[{"href":"https:\/\/www.sincomam.org.br\/index.php\/wp-json\/wp\/v2\/posts\/17222","targetHints":{"allow":["GET"]}}],"collection":[{"href":"https:\/\/www.sincomam.org.br\/index.php\/wp-json\/wp\/v2\/posts"}],"about":[{"href":"https:\/\/www.sincomam.org.br\/index.php\/wp-json\/wp\/v2\/types\/post"}],"author":[{"embeddable":true,"href":"https:\/\/www.sincomam.org.br\/index.php\/wp-json\/wp\/v2\/users\/1182"}],"replies":[{"embeddable":true,"href":"https:\/\/www.sincomam.org.br\/index.php\/wp-json\/wp\/v2\/comments?post=17222"}],"version-history":[{"count":1,"href":"https:\/\/www.sincomam.org.br\/index.php\/wp-json\/wp\/v2\/posts\/17222\/revisions"}],"predecessor-version":[{"id":17223,"href":"https:\/\/www.sincomam.org.br\/index.php\/wp-json\/wp\/v2\/posts\/17222\/revisions\/17223"}],"wp:featuredmedia":[{"embeddable":true,"href":"https:\/\/www.sincomam.org.br\/index.php\/wp-json\/wp\/v2\/media\/4044"}],"wp:attachment":[{"href":"https:\/\/www.sincomam.org.br\/index.php\/wp-json\/wp\/v2\/media?parent=17222"}],"wp:term":[{"taxonomy":"category","embeddable":true,"href":"https:\/\/www.sincomam.org.br\/index.php\/wp-json\/wp\/v2\/categories?post=17222"},{"taxonomy":"post_tag","embeddable":true,"href":"https:\/\/www.sincomam.org.br\/index.php\/wp-json\/wp\/v2\/tags?post=17222"}],"curies":[{"name":"wp","href":"https:\/\/api.w.org\/{rel}","templated":true}]}}