{"id":17215,"date":"2015-12-08T08:15:21","date_gmt":"2015-12-08T10:15:21","guid":{"rendered":"http:\/\/www.sincomam.org.br\/?p=17215"},"modified":"2015-12-07T19:37:19","modified_gmt":"2015-12-07T21:37:19","slug":"porto-de-pelotas-recebe-licenca-ambiental-da-fepam","status":"publish","type":"post","link":"https:\/\/www.sincomam.org.br\/index.php\/porto-de-pelotas-recebe-licenca-ambiental-da-fepam\/","title":{"rendered":"Porto de Pelotas recebe licen\u00e7a ambiental da FEPAM"},"content":{"rendered":"<p>O porto de Pelotas recebeu, nesta \u00faltima sexta (4), a licen\u00e7a ambiental para opera\u00e7\u00e3o, a primeira emitida pela Fepam para um porto, e faz parte de uma legisla\u00e7\u00e3o recente e que deve ser implementada aos poucos.<\/p>\n<p>Entre as determina\u00e7\u00f5es a serem respeitadas a partir de agora, est\u00e3o as medidas de controle e supervis\u00e3o ambiental, referentes ao descarte de efluentes l\u00edquidos, res\u00edduos s\u00f3lidos e emiss\u00f5es atmosf\u00e9ricas. Al\u00e9m disso, tamb\u00e9m devem ser monitoradas a qualidade da \u00e1gua e do ar, entre outras a\u00e7\u00f5es.<\/p>\n<p>O secret\u00e1rio dos Transportes, Pedro Westphalen, comemorou o fato como uma conquista e afirmou que &#8220;\u00e9 o resultado do grande trabalho realizado pela equipe da SPH, com a parceria e a agilidade da Fepam. &#8220;S\u00e3o resultados como este que nos movem para buscar cada vez mais a\u00e7\u00f5es positivas para o RS&#8221;, falou.<\/p>\n<p>Segundo o diretor do porto de Pelotas, Cl\u00e1udio Oliveira, a entrega da licen\u00e7a ambiental garante que o porto implante os seus planos ambientais e se transforme no primeiro porto ambientalmente licenciado no Estado, podendo, assim, atrair mais investimentos. &#8220;Sem essa licen\u00e7a n\u00f3s t\u00ednhamos dificuldades em trazer novos empreendimentos para c\u00e1. \u00c9 uma grande conquista&#8221;, concluiu.<\/p>\n<p>Em agosto deste ano, a Superintend\u00eancia de Portos e Hidrovias havia assinado o termo de compromisso ambiental, que dava garantia que o porto implantaria os planos ambientais em at\u00e9 dois anos. Atualmente, o Plano de Gerenciamento de Res\u00edduos S\u00f3lidos (PGRS) j\u00e1 est\u00e1 em funcionamento e \u00e9 o primeiro de uma s\u00e9rie de outros projetos que devem ser instaurados nas instala\u00e7\u00f5es portu\u00e1rias de Pelotas.<\/p>\n<p>A licen\u00e7a foi emitida por quatro anos, pela Funda\u00e7\u00e3o Estadual de Prote\u00e7\u00e3o Ambiental (Fepam), e entregue ao superintendente da Superintend\u00eancia de Portos e Hidrovias, Luiz Capoani, e ao diretor do porto de Pelotas, Cl\u00e1udio Oliveira.<\/p>\n<p>Fonte: Jornal Agora (RS)<\/p>\n","protected":false},"excerpt":{"rendered":"<p>O porto de Pelotas recebeu, nesta \u00faltima sexta (4), a licen\u00e7a ambiental para opera\u00e7\u00e3o, a primeira emitida pela Fepam para um porto, e faz parte&#8230;<\/p>\n","protected":false},"author":1182,"featured_media":17216,"comment_status":"closed","ping_status":"closed","sticky":false,"template":"","format":"standard","meta":{"footnotes":""},"categories":[6],"tags":[],"class_list":["post-17215","post","type-post","status-publish","format-standard","has-post-thumbnail","hentry","category-noticias"],"_links":{"self":[{"href":"https:\/\/www.sincomam.org.br\/index.php\/wp-json\/wp\/v2\/posts\/17215","targetHints":{"allow":["GET"]}}],"collection":[{"href":"https:\/\/www.sincomam.org.br\/index.php\/wp-json\/wp\/v2\/posts"}],"about":[{"href":"https:\/\/www.sincomam.org.br\/index.php\/wp-json\/wp\/v2\/types\/post"}],"author":[{"embeddable":true,"href":"https:\/\/www.sincomam.org.br\/index.php\/wp-json\/wp\/v2\/users\/1182"}],"replies":[{"embeddable":true,"href":"https:\/\/www.sincomam.org.br\/index.php\/wp-json\/wp\/v2\/comments?post=17215"}],"version-history":[{"count":1,"href":"https:\/\/www.sincomam.org.br\/index.php\/wp-json\/wp\/v2\/posts\/17215\/revisions"}],"predecessor-version":[{"id":17217,"href":"https:\/\/www.sincomam.org.br\/index.php\/wp-json\/wp\/v2\/posts\/17215\/revisions\/17217"}],"wp:featuredmedia":[{"embeddable":true,"href":"https:\/\/www.sincomam.org.br\/index.php\/wp-json\/wp\/v2\/media\/17216"}],"wp:attachment":[{"href":"https:\/\/www.sincomam.org.br\/index.php\/wp-json\/wp\/v2\/media?parent=17215"}],"wp:term":[{"taxonomy":"category","embeddable":true,"href":"https:\/\/www.sincomam.org.br\/index.php\/wp-json\/wp\/v2\/categories?post=17215"},{"taxonomy":"post_tag","embeddable":true,"href":"https:\/\/www.sincomam.org.br\/index.php\/wp-json\/wp\/v2\/tags?post=17215"}],"curies":[{"name":"wp","href":"https:\/\/api.w.org\/{rel}","templated":true}]}}