{"id":17208,"date":"2015-12-08T08:05:32","date_gmt":"2015-12-08T10:05:32","guid":{"rendered":"http:\/\/www.sincomam.org.br\/?p=17208"},"modified":"2015-12-07T19:33:35","modified_gmt":"2015-12-07T21:33:35","slug":"porto-de-paranagua-aumenta-escoamento-de-graos","status":"publish","type":"post","link":"https:\/\/www.sincomam.org.br\/index.php\/porto-de-paranagua-aumenta-escoamento-de-graos\/","title":{"rendered":"Porto de Paranagu\u00e1 aumenta escoamento de gr\u00e3os"},"content":{"rendered":"<p>Entre os meses de outubro e novembro, o Porto de Paranagu\u00e1 registrou um total de 2,07 milh\u00f5es de toneladas de gr\u00e3os exportadas, um volume 9,9% superior ao registrado no mesmo per\u00edodo do ano passado. O resultado foi alcan\u00e7ado apesar do clima: dos 60 dias de outubro e novembro, 30 dias apresentaram chuva, o que representa tr\u00eas vezes mais do que o ano passado.<\/p>\n<p>A chuva ou garoa impossibilita o embarque de gr\u00e3os pelo Porto de Paranagu\u00e1. Como a opera\u00e7\u00e3o deste tipo de mercadoria \u00e9 feita a c\u00e9u aberto, a qualquer ind\u00edcio de precipita\u00e7\u00e3o, o escoamento tem que ser interrompido. \u201cO volume de embarque feito no per\u00edodo mostra que a nossa produtividade aumentou consideravelmente\u201d, afirmou o diretor-presidente da Administra\u00e7\u00e3o dos Portos de Paranagu\u00e1 e Antonina (Appa), Luiz Henrique Dividino. \u201cCom menos dias de opera\u00e7\u00e3o, conseguimos dar vaz\u00e3o a mais carga do que ano passado. Estamos otimizando o nosso escoamento dentro do poss\u00edvel\u201d,<\/p>\n<p>Desempenho em 2015 &#8211; No acumulado do ano, de janeiro a novembro, o porto precisou paralisar suas opera\u00e7\u00f5es em 98 dias, 47% a mais do que no ano passado, quando ficou parado em 67 dias. Mesmo assim, o Corredor de Exporta\u00e7\u00e3o j\u00e1 embarcou 14,9 milh\u00f5es de toneladas em 2015, 8% a mais do que o registrado de janeiro a novembro do ano passado. \u201cTemos carga represada para bater o recorde hist\u00f3rico do complexo e superar as 16 milh\u00f5es de toneladas. Dependemos, apenas, de mais dias de sol\u201d, completa Dividino.<\/p>\n<p>At\u00e9 o momento, no ano, foram embarcadas 7,4 milh\u00f5es de toneladas de soja, o que significa um aumento de 15% em rela\u00e7\u00e3o ao ano passado, e 2,8 milh\u00f5es de toneladas de milho, representando um crescimento de 6,7%.<\/p>\n<p>Fonte: Infomoney \/ Foto: Rodrigo Leal \/ Appa<\/p>\n","protected":false},"excerpt":{"rendered":"<p>Entre os meses de outubro e novembro, o Porto de Paranagu\u00e1 registrou um total de 2,07 milh\u00f5es de toneladas de gr\u00e3os exportadas, um volume 9,9%&#8230;<\/p>\n","protected":false},"author":1182,"featured_media":17209,"comment_status":"closed","ping_status":"closed","sticky":false,"template":"","format":"standard","meta":{"footnotes":""},"categories":[6],"tags":[],"class_list":["post-17208","post","type-post","status-publish","format-standard","has-post-thumbnail","hentry","category-noticias"],"_links":{"self":[{"href":"https:\/\/www.sincomam.org.br\/index.php\/wp-json\/wp\/v2\/posts\/17208","targetHints":{"allow":["GET"]}}],"collection":[{"href":"https:\/\/www.sincomam.org.br\/index.php\/wp-json\/wp\/v2\/posts"}],"about":[{"href":"https:\/\/www.sincomam.org.br\/index.php\/wp-json\/wp\/v2\/types\/post"}],"author":[{"embeddable":true,"href":"https:\/\/www.sincomam.org.br\/index.php\/wp-json\/wp\/v2\/users\/1182"}],"replies":[{"embeddable":true,"href":"https:\/\/www.sincomam.org.br\/index.php\/wp-json\/wp\/v2\/comments?post=17208"}],"version-history":[{"count":2,"href":"https:\/\/www.sincomam.org.br\/index.php\/wp-json\/wp\/v2\/posts\/17208\/revisions"}],"predecessor-version":[{"id":17212,"href":"https:\/\/www.sincomam.org.br\/index.php\/wp-json\/wp\/v2\/posts\/17208\/revisions\/17212"}],"wp:featuredmedia":[{"embeddable":true,"href":"https:\/\/www.sincomam.org.br\/index.php\/wp-json\/wp\/v2\/media\/17209"}],"wp:attachment":[{"href":"https:\/\/www.sincomam.org.br\/index.php\/wp-json\/wp\/v2\/media?parent=17208"}],"wp:term":[{"taxonomy":"category","embeddable":true,"href":"https:\/\/www.sincomam.org.br\/index.php\/wp-json\/wp\/v2\/categories?post=17208"},{"taxonomy":"post_tag","embeddable":true,"href":"https:\/\/www.sincomam.org.br\/index.php\/wp-json\/wp\/v2\/tags?post=17208"}],"curies":[{"name":"wp","href":"https:\/\/api.w.org\/{rel}","templated":true}]}}