{"id":17188,"date":"2015-12-04T15:35:11","date_gmt":"2015-12-04T17:35:11","guid":{"rendered":"http:\/\/www.sincomam.org.br\/?p=17188"},"modified":"2015-12-04T15:35:11","modified_gmt":"2015-12-04T17:35:11","slug":"sindicato-realiza-ato-em-prol-a-brasfels","status":"publish","type":"post","link":"https:\/\/www.sincomam.org.br\/index.php\/sindicato-realiza-ato-em-prol-a-brasfels\/","title":{"rendered":"Sindicato realiza ato em prol \u00e0 Brasfels"},"content":{"rendered":"<p>Para chamar aten\u00e7\u00e3o do governo por causa da situa\u00e7\u00e3o enfrentada pelo Estaleiro da Brasfels em Angra dos Reis, o Sindicato dos Metal\u00fargicos realiza hoje um ato na entrada da cidade e em frente ao estaleiro. A mobiliza\u00e7\u00e3o iniciar\u00e1 \u00e0s 5 horas e conta com o apoio de diversos sindicatos, com\u00e9rcio local, governo municipal, associa\u00e7\u00f5es de moradores, c\u00e2mara de vereadores, entre outras. Em outra a\u00e7\u00e3o para chamar aten\u00e7\u00e3o a respeito da crise da empresa, que j\u00e1 demitiu 500 funcion\u00e1rios e tem previs\u00e3o de mandar embora outros 1,5 mil, a C\u00e2mara Federal promoveu uma audi\u00eancia p\u00fablica.<\/p>\n<p>O fechamento do estaleiro BrasFels n\u00e3o \u00e9 hoje uma possibilidade distante. \u201cA decis\u00e3o do ato foi tomada ap\u00f3s reuni\u00e3o realizada no Rio na semana passada onde a Petrobr\u00e1s e a Sete Brasil relatarem que n\u00e3o h\u00e1 como pagar. A previs\u00e3o \u00e9 que os pagamentos sejam efetivados em junho do ano que vem. A Brasfels j\u00e1 est\u00e1 h\u00e1 14 meses sem receber e tem mantido seus funcion\u00e1rios com pagamentos corretos. Mas ela n\u00e3o est\u00e1 tendo como se manter dessa forma. A alternativa foi \u00e0 demiss\u00e3o. Queremos preservar os empregos, que ap\u00f3s as duas mil demiss\u00f5es permanecer\u00e1 em 4,5 mil. Hoje a folha de pagamento da empresa custa em torno de R$ 55 milh\u00f5es por m\u00eas\u201d, relatou o presidente do Sindicato dos Metal\u00fargicos de Angra dos Reis, Manoel Sales.<\/p>\n<p>Ainda de acordo com Manoel, a inten\u00e7\u00e3o \u00e9 cobrar do governo e deixar com que a sociedade saiba do que est\u00e1 se passando. \u201cFaremos uma manifesta\u00e7\u00e3o pac\u00edfica. O que queremos \u00e9 lutar por essa causa. N\u00e3o d\u00e1 para ficar de bra\u00e7os cruzados\u201d, declarou.<\/p>\n<p><strong>Audi\u00eancia P\u00fablica<\/strong><\/p>\n<p>A Comiss\u00e3o de Minas e Energia da C\u00e2mara Federal promoveu ontem uma audi\u00eancia p\u00fablica convocada pelo deputado Fernando Jord\u00e3o (PMDB) para tratar sobre a situa\u00e7\u00e3o do estaleiro BrasFels, que enfrenta grave crise e j\u00e1 demitiu 500 pessoas, tendo previs\u00e3o de outras 1,5 mil. Participaram o presidente da comiss\u00e3o, o deputado Rodrigo de Castro (PSDB-MG), o deputado Luiz S\u00e9rgio (PT), o diretor do Sindicato dos Metal\u00fargicos de Angra, Wellington Terra, o presidente da c\u00e2mara de Angra dos Reis, o vereador Marco Aur\u00e9lio Vargas (PROS), e os vereadores Helinho do Sindicato (PCdoB), Jean Carlos (PDT), Chapinha do Sindicato (PSD), Eduardo Godinho (PT) e Luis Cl\u00e1udio, o Claudinho (PR).<\/p>\n<p>\u201cEsse encontro \u00e9 mais uma demonstra\u00e7\u00e3o de que Angra dos Reis est\u00e1 reagindo e unindo for\u00e7as, pois n\u00e3o podemos continuar inertes, diante das demiss\u00f5es que j\u00e1 vem ocorrendo no BrasFels e das que ainda est\u00e3o por vir, podendo chegar a 4 mil trabalhadores sendo mandados embora. O estaleiro n\u00e3o recebe da Sete Brasil h\u00e1 mais de 14 meses e o acumulo destas d\u00edvidas e a n\u00e3o solu\u00e7\u00e3o por parte da Petrobras e do Governo Federal deste s\u00e9rio problema, acabaram ocasionando o que estamos enfrentando em Angra dos Reis, demiss\u00f5es e mais demiss\u00f5es de trabalhadores\u201d, disse Jord\u00e3o.<\/p>\n<p>De acordo com o deputado, essa situa\u00e7\u00e3o n\u00e3o chegou a esse ponto por falta de alternativas. Ele lembrou que foram diversas reuni\u00f5es entre ele, Luiz S\u00e9rgio, o presidente do Sindicato dos Metal\u00fargicos, Manoel Sales e representantes da Petrobras e do Minist\u00e9rio de Minas e Energia. Jord\u00e3o lamentou que nada tenha sido resolvido e avisou que continuar\u00e1 lutando para resolver o problema dessa d\u00edvida da Sete Brasil com a BrasFels.<\/p>\n<p>Fonte: A Voz da Cidade<\/p>\n","protected":false},"excerpt":{"rendered":"<p>Para chamar aten\u00e7\u00e3o do governo por causa da situa\u00e7\u00e3o enfrentada pelo Estaleiro da Brasfels em Angra dos Reis, o Sindicato dos Metal\u00fargicos realiza hoje um&#8230;<\/p>\n","protected":false},"author":1182,"featured_media":3175,"comment_status":"closed","ping_status":"closed","sticky":false,"template":"","format":"standard","meta":{"footnotes":""},"categories":[6],"tags":[],"class_list":["post-17188","post","type-post","status-publish","format-standard","has-post-thumbnail","hentry","category-noticias"],"_links":{"self":[{"href":"https:\/\/www.sincomam.org.br\/index.php\/wp-json\/wp\/v2\/posts\/17188","targetHints":{"allow":["GET"]}}],"collection":[{"href":"https:\/\/www.sincomam.org.br\/index.php\/wp-json\/wp\/v2\/posts"}],"about":[{"href":"https:\/\/www.sincomam.org.br\/index.php\/wp-json\/wp\/v2\/types\/post"}],"author":[{"embeddable":true,"href":"https:\/\/www.sincomam.org.br\/index.php\/wp-json\/wp\/v2\/users\/1182"}],"replies":[{"embeddable":true,"href":"https:\/\/www.sincomam.org.br\/index.php\/wp-json\/wp\/v2\/comments?post=17188"}],"version-history":[{"count":1,"href":"https:\/\/www.sincomam.org.br\/index.php\/wp-json\/wp\/v2\/posts\/17188\/revisions"}],"predecessor-version":[{"id":17189,"href":"https:\/\/www.sincomam.org.br\/index.php\/wp-json\/wp\/v2\/posts\/17188\/revisions\/17189"}],"wp:featuredmedia":[{"embeddable":true,"href":"https:\/\/www.sincomam.org.br\/index.php\/wp-json\/wp\/v2\/media\/3175"}],"wp:attachment":[{"href":"https:\/\/www.sincomam.org.br\/index.php\/wp-json\/wp\/v2\/media?parent=17188"}],"wp:term":[{"taxonomy":"category","embeddable":true,"href":"https:\/\/www.sincomam.org.br\/index.php\/wp-json\/wp\/v2\/categories?post=17188"},{"taxonomy":"post_tag","embeddable":true,"href":"https:\/\/www.sincomam.org.br\/index.php\/wp-json\/wp\/v2\/tags?post=17188"}],"curies":[{"name":"wp","href":"https:\/\/api.w.org\/{rel}","templated":true}]}}