{"id":17179,"date":"2015-12-04T15:12:42","date_gmt":"2015-12-04T17:12:42","guid":{"rendered":"http:\/\/www.sincomam.org.br\/?p=17179"},"modified":"2015-12-04T15:12:42","modified_gmt":"2015-12-04T17:12:42","slug":"novo-adiamento-da-dragagem-e-previsao-de-verao-chuvoso-preocupam-porto-de-itajai","status":"publish","type":"post","link":"https:\/\/www.sincomam.org.br\/index.php\/novo-adiamento-da-dragagem-e-previsao-de-verao-chuvoso-preocupam-porto-de-itajai\/","title":{"rendered":"Novo adiamento da dragagem e previs\u00e3o de ver\u00e3o chuvoso preocupam porto de Itaja\u00ed"},"content":{"rendered":"<p>A decis\u00e3o do governo federal de cortar R$ 10,7 bilh\u00f5es do or\u00e7amento caiu como uma bomba nas pretens\u00f5es da superintend\u00eancia do Porto de Itaja\u00ed de agilizar a dragagem de emerg\u00eancia no canal de acesso aos portos.<\/p>\n<p>Com as dragagens dos portos de Rio de Janeiro e de Rio Grande j\u00e1 paralisadas, o reflexo por aqui \u00e9 certo. O edital de licita\u00e7\u00e3o da obra, que deveria ter sido lan\u00e7ado no in\u00edcio da semana, deve ser protelado para o ano que vem.<\/p>\n<p>O problema \u00e9 a meteorologia: a previs\u00e3o de um ver\u00e3o chuvoso aumenta os riscos de mais assoreamento e novos problemas. O calado continua reduzido (passou de 14 para 10,5 metros) e a expectativa \u00e9 que os armadores tenham que fazer realinhamento de escalas para operar em Itaja\u00ed e Navegantes _ o que pode afastar os operadores e intensificar a crise.<\/p>\n<p>A expectativa \u00e9 convencer o ministro Helder Barbalho da possibilidade de lan\u00e7ar o edital mesmo sem previs\u00e3o de recursos para este ano. Como o processo licitat\u00f3rio demora cerca de 90 dias, \u00e9 uma tentativa de ganhar tempo. Por enquanto, n\u00e3o h\u00e1 posi\u00e7\u00e3o oficial a respeito.<\/p>\n<p>Fonte: Di\u00e1rio Catarinense\/Dagmara Spautz<\/p>\n","protected":false},"excerpt":{"rendered":"<p>A decis\u00e3o do governo federal de cortar R$ 10,7 bilh\u00f5es do or\u00e7amento caiu como uma bomba nas pretens\u00f5es da superintend\u00eancia do Porto de Itaja\u00ed de&#8230;<\/p>\n","protected":false},"author":1182,"featured_media":6524,"comment_status":"closed","ping_status":"closed","sticky":false,"template":"","format":"standard","meta":{"footnotes":""},"categories":[6],"tags":[],"class_list":["post-17179","post","type-post","status-publish","format-standard","has-post-thumbnail","hentry","category-noticias"],"_links":{"self":[{"href":"https:\/\/www.sincomam.org.br\/index.php\/wp-json\/wp\/v2\/posts\/17179","targetHints":{"allow":["GET"]}}],"collection":[{"href":"https:\/\/www.sincomam.org.br\/index.php\/wp-json\/wp\/v2\/posts"}],"about":[{"href":"https:\/\/www.sincomam.org.br\/index.php\/wp-json\/wp\/v2\/types\/post"}],"author":[{"embeddable":true,"href":"https:\/\/www.sincomam.org.br\/index.php\/wp-json\/wp\/v2\/users\/1182"}],"replies":[{"embeddable":true,"href":"https:\/\/www.sincomam.org.br\/index.php\/wp-json\/wp\/v2\/comments?post=17179"}],"version-history":[{"count":1,"href":"https:\/\/www.sincomam.org.br\/index.php\/wp-json\/wp\/v2\/posts\/17179\/revisions"}],"predecessor-version":[{"id":17180,"href":"https:\/\/www.sincomam.org.br\/index.php\/wp-json\/wp\/v2\/posts\/17179\/revisions\/17180"}],"wp:featuredmedia":[{"embeddable":true,"href":"https:\/\/www.sincomam.org.br\/index.php\/wp-json\/wp\/v2\/media\/6524"}],"wp:attachment":[{"href":"https:\/\/www.sincomam.org.br\/index.php\/wp-json\/wp\/v2\/media?parent=17179"}],"wp:term":[{"taxonomy":"category","embeddable":true,"href":"https:\/\/www.sincomam.org.br\/index.php\/wp-json\/wp\/v2\/categories?post=17179"},{"taxonomy":"post_tag","embeddable":true,"href":"https:\/\/www.sincomam.org.br\/index.php\/wp-json\/wp\/v2\/tags?post=17179"}],"curies":[{"name":"wp","href":"https:\/\/api.w.org\/{rel}","templated":true}]}}