{"id":17176,"date":"2015-12-04T13:05:01","date_gmt":"2015-12-04T15:05:01","guid":{"rendered":"http:\/\/www.sincomam.org.br\/?p=17176"},"modified":"2015-12-04T13:05:01","modified_gmt":"2015-12-04T15:05:01","slug":"governo-vai-leiloar-quatro-areas-portuarias-em-santos-e-no-para","status":"publish","type":"post","link":"https:\/\/www.sincomam.org.br\/index.php\/governo-vai-leiloar-quatro-areas-portuarias-em-santos-e-no-para\/","title":{"rendered":"Governo vai leiloar quatro \u00e1reas portu\u00e1rias em Santos e no Par\u00e1"},"content":{"rendered":"<p>Na pr\u00f3xima quarta-feira (9), o governo federal far\u00e1 o primeiro leil\u00e3o de \u00e1reas portu\u00e1rias no Brasil. O ministro da Secretaria de Portos, Helder Barbalho, disse nesta quinta (3) que, at\u00e9 2016, 93 \u00e1reas em todo o litoral brasileiro ser\u00e3o ofertadas ao mercado, para ampliar a capacidade de movimenta\u00e7\u00e3o de cargas no pa\u00eds.<\/p>\n<p>O primeiro bloco de licita\u00e7\u00f5es ser\u00e1 dividido em duas fases: a primeira com o leil\u00e3o de quatro \u00e1reas, tr\u00eas em Santos (SP) e uma em Vila do Conde (PA), que prev\u00ea investimentos da ordem de R$ 1,1 bilh\u00e3o. Na segunda fase, segundo o ministro, ser\u00e3o quatro \u00e1reas no Estado do Par\u00e1, tr\u00eas em Outeiro e uma em Santar\u00e9m.<\/p>\n<p>&#8220;A escolha das \u00e1reas a serem licitadas faz parte do Plano Nacional de Log\u00edstica Portu\u00e1ria que diagnostica onde est\u00e3o os gargalos do setor, onde as atividades est\u00e3o efetivamente precisando de mais investimento e novas opera\u00e7\u00f5es portu\u00e1rias. E o arco norte do Brasil \u00e9 estrat\u00e9gico para que possamos escoar a produ\u00e7\u00e3o do Centro-Oeste&#8221;, disse Barbalho, em entrevista ao programa Bom Dia, Ministro, produzido pela Secretaria de Comunica\u00e7\u00e3o Social da Presid\u00eancia da Rep\u00fablica em parceria com a EBC Servi\u00e7os.<\/p>\n<p>&#8220;Em seguida, prosseguiremos a agenda fazendo com que todas as regi\u00f5es do Brasil possam ter a oportunidade, atrav\u00e9s da modalidade desses leil\u00f5es, de ampliar sua movimenta\u00e7\u00e3o de carga&#8221;, ressaltou o ministro.<\/p>\n<p>INVESTIMENTOS<\/p>\n<p>Os investimentos p\u00fablicos e privados previstos para o setor nos pr\u00f3ximos cinco anos somam R$ 51 bilh\u00f5es, sendo R$ 3,8 bilh\u00f5es de investimentos p\u00fablicos em dragagens e moderniza\u00e7\u00e3o portu\u00e1ria. &#8220;Estamos todos certos de que neste momento de travessia econ\u00f4mica, de encontro para o crescimento, o setor portu\u00e1rio ser\u00e1 estrat\u00e9gico e ir\u00e1 colaborar para que o Brasil possa crescer&#8221;, disse Barbalho.<\/p>\n<p>No total, 95% do com\u00e9rcio exterior brasileiro passa pelo setor portu\u00e1rio. &#8220;N\u00f3s tivemos um crescimento, nos \u00faltimos 11 anos, de 70% na demanda de movimenta\u00e7\u00e3o de carga e temos uma proje\u00e7\u00e3o para os pr\u00f3ximos 25 anos de crescer em 103% a movimenta\u00e7\u00e3o de carga nos portos brasileiros. Isso precisa ser enxergado como uma oportunidade para que o investimento chegue e, com o investimento, o aquecimento econ\u00f4mico, a gera\u00e7\u00e3o de emprego e renda.<\/p>\n<p>Fonte: Folha de S\u00e3o Paulo\/da Ag\u00eancia Brasil<\/p>\n","protected":false},"excerpt":{"rendered":"<p>Na pr\u00f3xima quarta-feira (9), o governo federal far\u00e1 o primeiro leil\u00e3o de \u00e1reas portu\u00e1rias no Brasil. O ministro da Secretaria de Portos, Helder Barbalho, disse&#8230;<\/p>\n","protected":false},"author":1182,"featured_media":3197,"comment_status":"closed","ping_status":"closed","sticky":false,"template":"","format":"standard","meta":{"footnotes":""},"categories":[6],"tags":[],"class_list":["post-17176","post","type-post","status-publish","format-standard","has-post-thumbnail","hentry","category-noticias"],"_links":{"self":[{"href":"https:\/\/www.sincomam.org.br\/index.php\/wp-json\/wp\/v2\/posts\/17176","targetHints":{"allow":["GET"]}}],"collection":[{"href":"https:\/\/www.sincomam.org.br\/index.php\/wp-json\/wp\/v2\/posts"}],"about":[{"href":"https:\/\/www.sincomam.org.br\/index.php\/wp-json\/wp\/v2\/types\/post"}],"author":[{"embeddable":true,"href":"https:\/\/www.sincomam.org.br\/index.php\/wp-json\/wp\/v2\/users\/1182"}],"replies":[{"embeddable":true,"href":"https:\/\/www.sincomam.org.br\/index.php\/wp-json\/wp\/v2\/comments?post=17176"}],"version-history":[{"count":1,"href":"https:\/\/www.sincomam.org.br\/index.php\/wp-json\/wp\/v2\/posts\/17176\/revisions"}],"predecessor-version":[{"id":17177,"href":"https:\/\/www.sincomam.org.br\/index.php\/wp-json\/wp\/v2\/posts\/17176\/revisions\/17177"}],"wp:featuredmedia":[{"embeddable":true,"href":"https:\/\/www.sincomam.org.br\/index.php\/wp-json\/wp\/v2\/media\/3197"}],"wp:attachment":[{"href":"https:\/\/www.sincomam.org.br\/index.php\/wp-json\/wp\/v2\/media?parent=17176"}],"wp:term":[{"taxonomy":"category","embeddable":true,"href":"https:\/\/www.sincomam.org.br\/index.php\/wp-json\/wp\/v2\/categories?post=17176"},{"taxonomy":"post_tag","embeddable":true,"href":"https:\/\/www.sincomam.org.br\/index.php\/wp-json\/wp\/v2\/tags?post=17176"}],"curies":[{"name":"wp","href":"https:\/\/api.w.org\/{rel}","templated":true}]}}