{"id":17174,"date":"2015-12-04T13:00:44","date_gmt":"2015-12-04T15:00:44","guid":{"rendered":"http:\/\/www.sincomam.org.br\/?p=17174"},"modified":"2015-12-04T13:00:44","modified_gmt":"2015-12-04T15:00:44","slug":"secretaria-de-portos-autoriza-construcao-de-terminal-de-transbordo-de-carga-em-manaus","status":"publish","type":"post","link":"https:\/\/www.sincomam.org.br\/index.php\/secretaria-de-portos-autoriza-construcao-de-terminal-de-transbordo-de-carga-em-manaus\/","title":{"rendered":"Secretaria de Portos autoriza constru\u00e7\u00e3o de terminal de transbordo de carga em Manaus"},"content":{"rendered":"<p>O ministro da Secretaria de Portos da Presid\u00eancia da Rep\u00fablica (SEP), Helder Barbalho, assinou nesta quinta-feira (3) contrato que autoriza a constru\u00e7\u00e3o e explora\u00e7\u00e3o da Esta\u00e7\u00e3o de Transbordo de Carga, em Manaus (AM). A unidade ser\u00e1 um Terminal de Uso Privado (TUP) operado pela Ponta Negra Administra\u00e7\u00e3o e Empreendimentos.<\/p>\n<p>\u201cEsse \u00e9 mais um investimento no setor portu\u00e1rio. Dessa vez no Estado do Amazonas\u201d, comemorou o ministro. \u201cEsse \u00e9 um investimento que se soma a todos os outros j\u00e1 anunciados por aqueles que querem investir no Brasil\u201d.<\/p>\n<p>O investimento no TUP ser\u00e1 de R$ 1,86 milh\u00e3o e ter\u00e1 prazo de implanta\u00e7\u00e3o de 3 anos, prorrog\u00e1vel por igual per\u00edodo, a crit\u00e9rio da SEP. \u201cEstamos engajados para desenvolver nosso projeto portu\u00e1rio no estado do Amazonas\u201d, afirmou Leonor do Carmo Mota Vila, acionista da Ponta Negra.<\/p>\n<p>A \u00e1rea autorizada para explora\u00e7\u00e3o \u00e9 de 26.090,20 m\u00b2 (vinte e seis mil e noventa metros quadrados e vinte cent\u00e9simos). O contrato ter\u00e1 vig\u00eancia de 25 (vinte e cinco) anos, contados da data da assinatura e \u00e9 prorrog\u00e1vel por per\u00edodos sucessivos. A Ponta Negra dever\u00e1 manifestar seu interesse na prorroga\u00e7\u00e3o da atividade com 18 (dezoito) meses de anteced\u00eancia de sua expira\u00e7\u00e3o, devendo apresentar proposta de novos investimentos para a expans\u00e3o e moderniza\u00e7\u00e3o das instala\u00e7\u00f5es portu\u00e1rias.<\/p>\n<p><strong>Dados t\u00e9cnicos<\/strong><\/p>\n<p>Previs\u00e3o de investimento: R$ 1.860.000,00<\/p>\n<p>Perfil de Carga: carga geral<\/p>\n<p>Tipo de Carga: gran\u00e9is, material de constru\u00e7\u00e3o, material metal\u00fargico, vestu\u00e1rios, m\u00f3veis e utens\u00edlios<\/p>\n<p>Previs\u00e3o de in\u00edcio da opera\u00e7\u00e3o:3 anos<\/p>\n<p>Fonte: ACRITICA.COM<\/p>\n","protected":false},"excerpt":{"rendered":"<p>O ministro da Secretaria de Portos da Presid\u00eancia da Rep\u00fablica (SEP), Helder Barbalho, assinou nesta quinta-feira (3) contrato que autoriza a constru\u00e7\u00e3o e explora\u00e7\u00e3o da&#8230;<\/p>\n","protected":false},"author":1182,"featured_media":286,"comment_status":"closed","ping_status":"closed","sticky":false,"template":"","format":"standard","meta":{"footnotes":""},"categories":[6],"tags":[],"class_list":["post-17174","post","type-post","status-publish","format-standard","has-post-thumbnail","hentry","category-noticias"],"_links":{"self":[{"href":"https:\/\/www.sincomam.org.br\/index.php\/wp-json\/wp\/v2\/posts\/17174","targetHints":{"allow":["GET"]}}],"collection":[{"href":"https:\/\/www.sincomam.org.br\/index.php\/wp-json\/wp\/v2\/posts"}],"about":[{"href":"https:\/\/www.sincomam.org.br\/index.php\/wp-json\/wp\/v2\/types\/post"}],"author":[{"embeddable":true,"href":"https:\/\/www.sincomam.org.br\/index.php\/wp-json\/wp\/v2\/users\/1182"}],"replies":[{"embeddable":true,"href":"https:\/\/www.sincomam.org.br\/index.php\/wp-json\/wp\/v2\/comments?post=17174"}],"version-history":[{"count":1,"href":"https:\/\/www.sincomam.org.br\/index.php\/wp-json\/wp\/v2\/posts\/17174\/revisions"}],"predecessor-version":[{"id":17175,"href":"https:\/\/www.sincomam.org.br\/index.php\/wp-json\/wp\/v2\/posts\/17174\/revisions\/17175"}],"wp:featuredmedia":[{"embeddable":true,"href":"https:\/\/www.sincomam.org.br\/index.php\/wp-json\/wp\/v2\/media\/286"}],"wp:attachment":[{"href":"https:\/\/www.sincomam.org.br\/index.php\/wp-json\/wp\/v2\/media?parent=17174"}],"wp:term":[{"taxonomy":"category","embeddable":true,"href":"https:\/\/www.sincomam.org.br\/index.php\/wp-json\/wp\/v2\/categories?post=17174"},{"taxonomy":"post_tag","embeddable":true,"href":"https:\/\/www.sincomam.org.br\/index.php\/wp-json\/wp\/v2\/tags?post=17174"}],"curies":[{"name":"wp","href":"https:\/\/api.w.org\/{rel}","templated":true}]}}