{"id":17172,"date":"2015-12-03T11:09:25","date_gmt":"2015-12-03T13:09:25","guid":{"rendered":"http:\/\/www.sincomam.org.br\/?p=17172"},"modified":"2015-12-03T11:09:25","modified_gmt":"2015-12-03T13:09:25","slug":"marinha-do-brasil-abre-navios-para-visitacao-no-porto-do-rodway-em-manaus","status":"publish","type":"post","link":"https:\/\/www.sincomam.org.br\/index.php\/marinha-do-brasil-abre-navios-para-visitacao-no-porto-do-rodway-em-manaus\/","title":{"rendered":"Marinha do Brasil abre Navios para visita\u00e7\u00e3o no Porto do Rodway, em Manaus"},"content":{"rendered":"<p><strong><em>O p\u00fablico ter\u00e1 a oportunidade de conhecer a estrutura dos navios, assim como as suas principais atividades desenvolvidas na Amaz\u00f4nia Ocidental<\/em><\/strong><\/p>\n<p>Como parte das comemora\u00e7\u00f5es do Dia do Marinheiro, celebrado no dia 13 de dezembro, o Comando do 9\u00ba Distrito Naval (Com9\u00baDN) abrir\u00e1 para visita\u00e7\u00e3o p\u00fablica, nos primeiros finais de semana de dezembro de 2015, os Navios-Patrulha Fluviais (NPaFlu) \u201cRoraima\u201d e \u201cRaposo Tavares\u201d e o Navio de Assist\u00eancia Hospitalar (NAsH) \u201cCarlos Chagas\u201d, subordinados ao Comando da Flotilha do Amazonas; e o Navio Hidroceanogr\u00e1fico Fluvial (NHoFlu) \u201cRio Branco\u201d, subordinado ao Servi\u00e7o de Sinaliza\u00e7\u00e3o N\u00e1utica do Noroeste (SSN-9), que estar\u00e3o atracados no Porto do Rodway, no Centro de Manaus.<\/p>\n<p>As visitas ao NPaFlu \u201cRoraima\u201d e NAsH \u201cCarlos Chagas\u201d ocorrer\u00e3o nos dias 5 e 6; e as visitas ao NPaFlu \u201cRaposo Tavares\u201d e ao NHoFlu \u201cRio Branco\u201d acontecer\u00e3o nos dias 12 e 13 de dezembro de 2015. Aos s\u00e1bados as visitas acontecem de 10h \u00e0s 18h e aos domingos no hor\u00e1rio de 8h \u00e0s 15h.<\/p>\n<p>O p\u00fablico ter\u00e1 a oportunidade de conhecer a estrutura dos navios, assim como as suas principais atividades desenvolvidas na Amaz\u00f4nia Ocidental.<\/p>\n<p>O Dia do Marinheiro foi criado em 1925 pelo Ministro da Marinha, Almirante Alexandrino Faria de Alencar, em homenagem ao Patrono da Marinha, Almirante Joaquim Marques Lisboa, Marqu\u00eas de Tamandar\u00e9, que foi, indiscutivelmente, figura destacada no Brasil, durante o Imp\u00e9rio.<\/p>\n<p>\u00a0Fonte: Portal D24am<\/p>\n","protected":false},"excerpt":{"rendered":"<p>O p\u00fablico ter\u00e1 a oportunidade de conhecer a estrutura dos navios, assim como as suas principais atividades desenvolvidas na Amaz\u00f4nia Ocidental Como parte das comemora\u00e7\u00f5es&#8230;<\/p>\n","protected":false},"author":1182,"featured_media":6060,"comment_status":"closed","ping_status":"closed","sticky":false,"template":"","format":"standard","meta":{"footnotes":""},"categories":[6],"tags":[],"class_list":["post-17172","post","type-post","status-publish","format-standard","has-post-thumbnail","hentry","category-noticias"],"_links":{"self":[{"href":"https:\/\/www.sincomam.org.br\/index.php\/wp-json\/wp\/v2\/posts\/17172","targetHints":{"allow":["GET"]}}],"collection":[{"href":"https:\/\/www.sincomam.org.br\/index.php\/wp-json\/wp\/v2\/posts"}],"about":[{"href":"https:\/\/www.sincomam.org.br\/index.php\/wp-json\/wp\/v2\/types\/post"}],"author":[{"embeddable":true,"href":"https:\/\/www.sincomam.org.br\/index.php\/wp-json\/wp\/v2\/users\/1182"}],"replies":[{"embeddable":true,"href":"https:\/\/www.sincomam.org.br\/index.php\/wp-json\/wp\/v2\/comments?post=17172"}],"version-history":[{"count":1,"href":"https:\/\/www.sincomam.org.br\/index.php\/wp-json\/wp\/v2\/posts\/17172\/revisions"}],"predecessor-version":[{"id":17173,"href":"https:\/\/www.sincomam.org.br\/index.php\/wp-json\/wp\/v2\/posts\/17172\/revisions\/17173"}],"wp:featuredmedia":[{"embeddable":true,"href":"https:\/\/www.sincomam.org.br\/index.php\/wp-json\/wp\/v2\/media\/6060"}],"wp:attachment":[{"href":"https:\/\/www.sincomam.org.br\/index.php\/wp-json\/wp\/v2\/media?parent=17172"}],"wp:term":[{"taxonomy":"category","embeddable":true,"href":"https:\/\/www.sincomam.org.br\/index.php\/wp-json\/wp\/v2\/categories?post=17172"},{"taxonomy":"post_tag","embeddable":true,"href":"https:\/\/www.sincomam.org.br\/index.php\/wp-json\/wp\/v2\/tags?post=17172"}],"curies":[{"name":"wp","href":"https:\/\/api.w.org\/{rel}","templated":true}]}}