{"id":17161,"date":"2015-12-03T10:47:38","date_gmt":"2015-12-03T12:47:38","guid":{"rendered":"http:\/\/www.sincomam.org.br\/?p=17161"},"modified":"2015-12-03T10:47:38","modified_gmt":"2015-12-03T12:47:38","slug":"porto-de-rio-grande-recebe-projeto-saude-nos-portos","status":"publish","type":"post","link":"https:\/\/www.sincomam.org.br\/index.php\/porto-de-rio-grande-recebe-projeto-saude-nos-portos\/","title":{"rendered":"Porto de Rio Grande recebe projeto sa\u00fade nos portos"},"content":{"rendered":"<p>O Projeto Sa\u00fade nos Portos teve sua primeira etapa realizada ontem, quarta (2), na sede do Sest\/Senat, na BR-392, com v\u00e1rias atividades e servi\u00e7os voltados \u00e0 sa\u00fade e \u00e0 seguran\u00e7a dos trabalhadores portu\u00e1rios, bem como dos motoristas profissionais de transporte rodovi\u00e1rio de carga, que ficam parados ao redor da \u00e1rea portu\u00e1ria \u00e0 espera de carregamento\/descarregamento de seus caminh\u00f5es. Segundo a coordenadora de administra\u00e7\u00e3o do Sest\/Senat, Queli Cristina Schenkel, esta \u00e9 a primeira vez que Rio Grande sedia esse projeto. A inten\u00e7\u00e3o \u00e9 atender 400 trabalhadores, entre portu\u00e1rios e caminhoneiros.<\/p>\n<p>A previs\u00e3o de atendimentos, nas a\u00e7\u00f5es oferecidas, como testes de glicemia, medi\u00e7\u00e3o da press\u00e3o arterial, corte de cabelo, orienta\u00e7\u00f5es sobre doen\u00e7as sexualmente transmiss\u00edveis, pesagem, orienta\u00e7\u00f5es nutricionais, al\u00e9m de um lanche. Todos os servi\u00e7os s\u00e3o extremamente importantes, pois sabe-se que a maioria dos caminhoneiros est\u00e1 com sobrepeso. &#8220;Temos como objetivo levantar informa\u00e7\u00f5es sobre as condi\u00e7\u00f5es de s\u00e1ude destes trabalhadores, para o desenvolvimento de projetos espec\u00edficos&#8221;, relatou a coordenadora.<\/p>\n<p>Tamb\u00e9m foi apresentado, no primeiro dia, o Projeto Proteger, de enfrentamento \u00e0 explora\u00e7\u00e3o sexual de crian\u00e7as e adolescentes, com entrega de material e um v\u00eddeo explicativo. Esse crime \u00e9 considerado hediondo e tem pena prevista de seis a 10 anos de pris\u00e3o.<\/p>\n<p><strong>O projeto<\/strong><\/p>\n<p>A iniciativa deste projeto surgiu em virtude do Acordo de Coopera\u00e7\u00e3o T\u00e9cnica n\u00ba 11\/2011, firmado entre Minist\u00e9rio da Sa\u00fade e Secretaria de Portos da Presid\u00eancia da Rep\u00fablica, e foi refor\u00e7ada com a aproxima\u00e7\u00e3o da SEP\/PR ao Sest\/Senat, com assinatura de um acordo de coopera\u00e7\u00e3o em 2015.<\/p>\n<p>Um dos objetivos do projeto \u00e9 organizar a\u00e7\u00f5es em parceria com a autoridade portu\u00e1ria, o Sest\/Senat, o Minist\u00e9rio da Sa\u00fade e a Pol\u00edcia Rodovi\u00e1ria Federal, bem como outros parceiros locais, nos portos de todo Brasil. A sua organiza\u00e7\u00e3o prev\u00ea, dentre outras atividades, a realiza\u00e7\u00e3o de oficinas, palestras, semin\u00e1rios e rodas de conversas voltadas para os trabalhadores da \u00e1rea portu\u00e1ria e para os motoristas profissionais de transporte rodovi\u00e1rio de carga.<\/p>\n<p>Fonte: Jornal Agora (RS)\/Anete Poll<\/p>\n","protected":false},"excerpt":{"rendered":"<p>O Projeto Sa\u00fade nos Portos teve sua primeira etapa realizada ontem, quarta (2), na sede do Sest\/Senat, na BR-392, com v\u00e1rias atividades e servi\u00e7os voltados&#8230;<\/p>\n","protected":false},"author":1182,"featured_media":5708,"comment_status":"closed","ping_status":"closed","sticky":false,"template":"","format":"standard","meta":{"footnotes":""},"categories":[6],"tags":[],"class_list":["post-17161","post","type-post","status-publish","format-standard","has-post-thumbnail","hentry","category-noticias"],"_links":{"self":[{"href":"https:\/\/www.sincomam.org.br\/index.php\/wp-json\/wp\/v2\/posts\/17161","targetHints":{"allow":["GET"]}}],"collection":[{"href":"https:\/\/www.sincomam.org.br\/index.php\/wp-json\/wp\/v2\/posts"}],"about":[{"href":"https:\/\/www.sincomam.org.br\/index.php\/wp-json\/wp\/v2\/types\/post"}],"author":[{"embeddable":true,"href":"https:\/\/www.sincomam.org.br\/index.php\/wp-json\/wp\/v2\/users\/1182"}],"replies":[{"embeddable":true,"href":"https:\/\/www.sincomam.org.br\/index.php\/wp-json\/wp\/v2\/comments?post=17161"}],"version-history":[{"count":1,"href":"https:\/\/www.sincomam.org.br\/index.php\/wp-json\/wp\/v2\/posts\/17161\/revisions"}],"predecessor-version":[{"id":17162,"href":"https:\/\/www.sincomam.org.br\/index.php\/wp-json\/wp\/v2\/posts\/17161\/revisions\/17162"}],"wp:featuredmedia":[{"embeddable":true,"href":"https:\/\/www.sincomam.org.br\/index.php\/wp-json\/wp\/v2\/media\/5708"}],"wp:attachment":[{"href":"https:\/\/www.sincomam.org.br\/index.php\/wp-json\/wp\/v2\/media?parent=17161"}],"wp:term":[{"taxonomy":"category","embeddable":true,"href":"https:\/\/www.sincomam.org.br\/index.php\/wp-json\/wp\/v2\/categories?post=17161"},{"taxonomy":"post_tag","embeddable":true,"href":"https:\/\/www.sincomam.org.br\/index.php\/wp-json\/wp\/v2\/tags?post=17161"}],"curies":[{"name":"wp","href":"https:\/\/api.w.org\/{rel}","templated":true}]}}