{"id":17157,"date":"2015-12-03T10:45:30","date_gmt":"2015-12-03T12:45:30","guid":{"rendered":"http:\/\/www.sincomam.org.br\/?p=17157"},"modified":"2015-12-03T10:45:30","modified_gmt":"2015-12-03T12:45:30","slug":"porto-de-itajai-recebe-licenca-ambiental-de-instalacao-da-nova-bacia-de-evolucao","status":"publish","type":"post","link":"https:\/\/www.sincomam.org.br\/index.php\/porto-de-itajai-recebe-licenca-ambiental-de-instalacao-da-nova-bacia-de-evolucao\/","title":{"rendered":"Porto de Itaja\u00ed recebe licen\u00e7a ambiental de instala\u00e7\u00e3o da nova bacia de evolu\u00e7\u00e3o"},"content":{"rendered":"<p>O governador Santa Catarina, Raimundo Colombo (PSD), entregou ontem \u00e0 superintend\u00eancia do Porto de Itaja\u00ed a licen\u00e7a ambiental de instala\u00e7\u00e3o (LAI) da nova bacia de evolu\u00e7\u00e3o e anunciou que a ordem para o in\u00edcio dos trabalhos ser\u00e1 dada ainda hoje.<\/p>\n<p>A construtora Triunfo, vencedora da licita\u00e7\u00e3o, aguarda ainda uma an\u00e1lise nos condicionantes da LAI para definir de que forma ser\u00e1 o in\u00edcio da empreitada. A princ\u00edpio, a ideia \u00e9 retirar primeiro as guias submersas que ficam junto ao Molhe de Navegantes.<\/p>\n<p>O trabalho pela frente ser\u00e1 complexo: a abertura da nova \u00e1rea de manobras envolve a remo\u00e7\u00e3o de estruturas antigas e um grande volume de dragagem. Tudo isso, sem prejudicar as escalas de navios nos portos de Itaja\u00ed e Navegantes \u2013 o que vai exigir um grande esfor\u00e7o de log\u00edstica.<\/p>\n<p>Toda a primeira etapa da obra, or\u00e7ada em R$ 103 milh\u00f5es, \u00e9 custeada pelo governo do Estado. O governador afirmou ontem que a import\u00e2ncia do porto para a economia catarinense justifica o investimento.<\/p>\n<p>O pr\u00f3ximo desafio para o Complexo Portu\u00e1rio ser\u00e1 garantir os recursos para a segunda etapa da obra, que ser\u00e3o responsabilidade do governo federal. A demora no in\u00edcio dos trabalhos da primeira fase impedia que a verba fosse reservada em or\u00e7amento para o ano que vem. O governador disse que est\u00e1 empenhado em garantir a libera\u00e7\u00e3o em Bras\u00edlia.<\/p>\n<p>Fonte: Di\u00e1rio Catarinense\/Dagmara Spautz<\/p>\n","protected":false},"excerpt":{"rendered":"<p>O governador Santa Catarina, Raimundo Colombo (PSD), entregou ontem \u00e0 superintend\u00eancia do Porto de Itaja\u00ed a licen\u00e7a ambiental de instala\u00e7\u00e3o (LAI) da nova bacia de&#8230;<\/p>\n","protected":false},"author":1182,"featured_media":6990,"comment_status":"closed","ping_status":"closed","sticky":false,"template":"","format":"standard","meta":{"footnotes":""},"categories":[6],"tags":[],"class_list":["post-17157","post","type-post","status-publish","format-standard","has-post-thumbnail","hentry","category-noticias"],"_links":{"self":[{"href":"https:\/\/www.sincomam.org.br\/index.php\/wp-json\/wp\/v2\/posts\/17157","targetHints":{"allow":["GET"]}}],"collection":[{"href":"https:\/\/www.sincomam.org.br\/index.php\/wp-json\/wp\/v2\/posts"}],"about":[{"href":"https:\/\/www.sincomam.org.br\/index.php\/wp-json\/wp\/v2\/types\/post"}],"author":[{"embeddable":true,"href":"https:\/\/www.sincomam.org.br\/index.php\/wp-json\/wp\/v2\/users\/1182"}],"replies":[{"embeddable":true,"href":"https:\/\/www.sincomam.org.br\/index.php\/wp-json\/wp\/v2\/comments?post=17157"}],"version-history":[{"count":1,"href":"https:\/\/www.sincomam.org.br\/index.php\/wp-json\/wp\/v2\/posts\/17157\/revisions"}],"predecessor-version":[{"id":17158,"href":"https:\/\/www.sincomam.org.br\/index.php\/wp-json\/wp\/v2\/posts\/17157\/revisions\/17158"}],"wp:featuredmedia":[{"embeddable":true,"href":"https:\/\/www.sincomam.org.br\/index.php\/wp-json\/wp\/v2\/media\/6990"}],"wp:attachment":[{"href":"https:\/\/www.sincomam.org.br\/index.php\/wp-json\/wp\/v2\/media?parent=17157"}],"wp:term":[{"taxonomy":"category","embeddable":true,"href":"https:\/\/www.sincomam.org.br\/index.php\/wp-json\/wp\/v2\/categories?post=17157"},{"taxonomy":"post_tag","embeddable":true,"href":"https:\/\/www.sincomam.org.br\/index.php\/wp-json\/wp\/v2\/tags?post=17157"}],"curies":[{"name":"wp","href":"https:\/\/api.w.org\/{rel}","templated":true}]}}