{"id":17143,"date":"2015-12-02T11:37:21","date_gmt":"2015-12-02T13:37:21","guid":{"rendered":"http:\/\/www.sincomam.org.br\/?p=17143"},"modified":"2015-12-02T11:37:21","modified_gmt":"2015-12-02T13:37:21","slug":"fevereiro-de-2016-e-a-data-prevista-para-retomada-da-hidrovia-tiete-parana","status":"publish","type":"post","link":"https:\/\/www.sincomam.org.br\/index.php\/fevereiro-de-2016-e-a-data-prevista-para-retomada-da-hidrovia-tiete-parana\/","title":{"rendered":"Fevereiro de 2016 \u00e9 a data prevista para retomada da hidrovia Tiet\u00ea-Paran\u00e1"},"content":{"rendered":"<p><strong><em>Redu\u00e7\u00e3o nos valores de ped\u00e1gio, retomada da Ferrovia Tiet\u00ea-Paran\u00e1 e obras do Ferroanel tamb\u00e9m est\u00e3o entre os projetos em negocia\u00e7\u00e3o pelo Governo Estadual de S\u00e3o Paulo<\/em><\/strong><\/p>\n<p>Em jantar de 50 anos da Associa\u00e7\u00e3o Nacional de Exportadores de Cereais (Anec), no qual S\u00e3o Paulo recebeu o pr\u00eamio de maior Estado exportador do Brasil, o secret\u00e1rio de Agricultura e Abastecimento do Estado, Arnaldo Jardim, divulgou tr\u00eas a\u00e7\u00f5es atualmente em negocia\u00e7\u00e3o para melhorar o escoamento da produ\u00e7\u00e3o brasileira pelo Porto de Santos.<\/p>\n<p>De acordo com o secret\u00e1rio, o Governo do Estado de S\u00e3o Paulo pretende baratear os ped\u00e1gios no sistema Anhanguera\/Bandeirantes, reassumir a Ferrovia Tiet\u00ea-Paran\u00e1 e concluir as obras do Ferroanel no entorno da capital paulista. \u201cS\u00e3o quest\u00f5es muito objetivas, not\u00edcias que impactam muito positivamente a nossa competitividade na exporta\u00e7\u00e3o de cereais, particularmente soja e milho\u201d, ressaltou Arnaldo Jardim, que representava o governador Geraldo Alckmin no evento junto ao setor agropecu\u00e1rio.<\/p>\n<p>Outra not\u00edcia divulgada pelo secret\u00e1rio foi a retomada das atividades da hidrovia Tiet\u00ea-Paran\u00e1, prevista para fevereiro de 2016, depois de 22 meses de paralisa\u00e7\u00e3o (desde maio de 2014), por conta da crise h\u00eddrica, que levou o Operador Nacional do Sistema (ONS) priorizar a \u00e1gua para gera\u00e7\u00e3o de energia el\u00e9trica.<\/p>\n<p>Desde o fechamento da hidrovia, oito milh\u00f5es de toneladas de produtos que seriam transportados pelos rios acabaram sendo transferidas para as rodovias, o que aumentou o custo do escoamento de itens. \u201cO governador teve um sinal positivo da ONS e n\u00f3s temos uma grande probabilidade de retomar a opera\u00e7\u00e3o\u201d, destacou Arnaldo Jardim.<\/p>\n<p>A iniciativa de baixar os ped\u00e1gios no sistema Anhanguera\/Bandeirantes depende de uma a\u00e7\u00e3o judicial na qual o Governo do Estado pede a anula\u00e7\u00e3o de aditivo de contrato firmado em 2006 com a atual respons\u00e1vel pelas vias, a CCR AutoBan, que prorroga a concess\u00e3o de 2018 para 2026. A empresa solicitou o aditivo, justificando que precisava recompor perdas financeiras decorrentes do contrato, caso que permite \u00e0 concession\u00e1ria estender o tempo de licen\u00e7a ou aumentar o valor das tarifas. De acordo com Arnaldo Jardim, o Governo j\u00e1 venceu em primeira inst\u00e2ncia e est\u00e1 otimista para vencer definitivamente a causa \u2013 o que pode criar um quadro favor\u00e1vel \u00e0 diminui\u00e7\u00e3o dos pre\u00e7os dos ped\u00e1gios.<\/p>\n<p>Quanto \u00e0 conclus\u00e3o do Ferroanel em S\u00e3o Paulo, o secret\u00e1rio disse que esta acaba de ser negociada, no dia 25 de novembro, com o ministro dos Transportes, em acordo que envolveu autoridades e concession\u00e1rias. A exemplo do Rodoanel, o Ferroanel circundar\u00e1 a cidade de S\u00e3o Paulo, fazendo com que as composi\u00e7\u00f5es escoando a produ\u00e7\u00e3o agropecu\u00e1ria n\u00e3o mais disputem os trilhos com os trens de passageiros ou tenham que obedecer restri\u00e7\u00f5es de hor\u00e1rios.<\/p>\n<p>Fonte: Guia Mar\u00edtimo \/ Cleci Le\u00e3o<\/p>\n","protected":false},"excerpt":{"rendered":"<p>Redu\u00e7\u00e3o nos valores de ped\u00e1gio, retomada da Ferrovia Tiet\u00ea-Paran\u00e1 e obras do Ferroanel tamb\u00e9m est\u00e3o entre os projetos em negocia\u00e7\u00e3o pelo Governo Estadual de S\u00e3o&#8230;<\/p>\n","protected":false},"author":1182,"featured_media":9590,"comment_status":"closed","ping_status":"closed","sticky":false,"template":"","format":"standard","meta":{"footnotes":""},"categories":[6],"tags":[],"class_list":["post-17143","post","type-post","status-publish","format-standard","has-post-thumbnail","hentry","category-noticias"],"_links":{"self":[{"href":"https:\/\/www.sincomam.org.br\/index.php\/wp-json\/wp\/v2\/posts\/17143","targetHints":{"allow":["GET"]}}],"collection":[{"href":"https:\/\/www.sincomam.org.br\/index.php\/wp-json\/wp\/v2\/posts"}],"about":[{"href":"https:\/\/www.sincomam.org.br\/index.php\/wp-json\/wp\/v2\/types\/post"}],"author":[{"embeddable":true,"href":"https:\/\/www.sincomam.org.br\/index.php\/wp-json\/wp\/v2\/users\/1182"}],"replies":[{"embeddable":true,"href":"https:\/\/www.sincomam.org.br\/index.php\/wp-json\/wp\/v2\/comments?post=17143"}],"version-history":[{"count":1,"href":"https:\/\/www.sincomam.org.br\/index.php\/wp-json\/wp\/v2\/posts\/17143\/revisions"}],"predecessor-version":[{"id":17144,"href":"https:\/\/www.sincomam.org.br\/index.php\/wp-json\/wp\/v2\/posts\/17143\/revisions\/17144"}],"wp:featuredmedia":[{"embeddable":true,"href":"https:\/\/www.sincomam.org.br\/index.php\/wp-json\/wp\/v2\/media\/9590"}],"wp:attachment":[{"href":"https:\/\/www.sincomam.org.br\/index.php\/wp-json\/wp\/v2\/media?parent=17143"}],"wp:term":[{"taxonomy":"category","embeddable":true,"href":"https:\/\/www.sincomam.org.br\/index.php\/wp-json\/wp\/v2\/categories?post=17143"},{"taxonomy":"post_tag","embeddable":true,"href":"https:\/\/www.sincomam.org.br\/index.php\/wp-json\/wp\/v2\/tags?post=17143"}],"curies":[{"name":"wp","href":"https:\/\/api.w.org\/{rel}","templated":true}]}}