{"id":16907,"date":"2015-12-01T11:00:42","date_gmt":"2015-12-01T13:00:42","guid":{"rendered":"http:\/\/www.sincomam.org.br\/?p=16907"},"modified":"2015-12-01T11:00:42","modified_gmt":"2015-12-01T13:00:42","slug":"economia-tem-contracao-recorde-de-17-no-3o-tri-e-de-32-no-ano","status":"publish","type":"post","link":"https:\/\/www.sincomam.org.br\/index.php\/economia-tem-contracao-recorde-de-17-no-3o-tri-e-de-32-no-ano\/","title":{"rendered":"Economia tem contra\u00e7\u00e3o recorde de 1,7% no 3\u00ba tri e de 3,2% no ano"},"content":{"rendered":"<p><strong><em>Dados frente ao trimestre anterior s\u00e3o os piores da s\u00e9rie hist\u00f3rica, iniciada em 1996<\/p>\n<p><\/em><\/strong><\/p>\n<p>A economia brasileira encolheu 1,7% no terceiro trimestre, na compara\u00e7\u00e3o com o segundo trimestre, informou o IBGE nesta ter\u00e7a-feira. \u00c9 a maior contra\u00e7\u00e3o para um terceiro trimestre da s\u00e9rie hist\u00f3rica do IBGE, de 1996, e a terceira retra\u00e7\u00e3o seguida, prolongando o ambiente recessivo, que tamb\u00e9m j\u00e1 \u00e9 o mais longo desde o governo Collor.<\/p>\n<p>Analistas esperavam queda de 1,2% frente ao segundo trimestre, de acordo com a mediana das proje\u00e7\u00f5es compiladas pela Bloomberg. Em rela\u00e7\u00e3o ao terceiro trimestre de 2014, o Produto Interno Bruto (PIB) teve contra\u00e7\u00e3o de 4,5% \u2014 a maior contra\u00e7\u00e3o para um trimestre da s\u00e9rie hist\u00f3rica do IBGE \u2014 e fechou os nove primeiros meses do ano com perda acumulada de 3,2%, tamb\u00e9m a maior da s\u00e9rie. Em quatro trimestres, o resultado acumulado \u00e9 de recuo de 2,5%, o pior desempenho de toda a s\u00e9rie hist\u00f3rica.<\/p>\n<p>A gerente de Contas Nacionais do IBGE, Claudia Dion\u00edsio, destacou a dissemina\u00e7\u00e3o de taxas negativas no desempenho da economia no terceiro trimestre:<\/p>\n<p>\u2014 Em todas as compara\u00e7\u00f5es, o resultado do PIB teve taxas negativas no terceiro trimestre. Desde o primeiro trimestre de 2015, temos taxas negativas. Frente ao terceiro trimestre de 2014 e no resultado acumulado em quatro trimestres, a taxa (do terceiro trimestre) acentuou a queda. No geral, as taxas est\u00e3o mais negativas que nos trimestres anteriores.<\/p>\n<p>Quando se olha a queda recorde de 4,5% do PIB no terceiro trimestre, frente a igual trimestre do ano anterior, todas as atividades pelo lado da produ\u00e7\u00e3o registraram queda. A ind\u00fastria teve um tombo de 6,7%, a maior desde o segundo trimestre de 2009, em plena crise financeira internacional, que foi de 8%. E a agropecu\u00e1ria caiu 2% e servi\u00e7os, 2,9%.<\/p>\n<p>Pelo lado das despesas, a Forma\u00e7\u00e3o Bruta de Capital Fixo (FBCF, indicador de investimentos) despencou 15% no terceiro trimestre, frente a igual trimestre do ano anterior \u2014 a maior da s\u00e9rie hist\u00f3rica \u2014, em raz\u00e3o na queda na importa\u00e7\u00e3o e na produ\u00e7\u00e3o interna de bens de capital e tamb\u00e9m por causa do desempenho negativo da constru\u00e7\u00e3o civil. O recuo de 6,3% na constru\u00e7\u00e3o civil, por\u00e9m, foi menor do que o registrado no trimestre imediatamente anterior, quando ficou em -10,6%.<\/p>\n<p>O consumo das fam\u00edlias teve queda de 4,5% no terceiro trimestre, frente a igual trimestre do ano anterior. \u00c9 a terceira queda seguida e a maior desde 1996. Segundo o IBGE, tal resultado se explica pela piora nos \u00edndices de infla\u00e7\u00e3o, juros, cr\u00e9dito, emprego e renda. J\u00e1 o consumo do governo recuou 0,4%. No setor externo, no entanto, as exporta\u00e7\u00f5es avan\u00e7aram 1,1% e contribu\u00edram para o crescimento da economia, enquanto as importa\u00e7\u00f5es tiveram queda de 20%. O setor de servi\u00e7os caiu de 2,9%, a maior da s\u00e9rie hist\u00f3rica.<\/p>\n<p>Para Claudia, n\u00e3o \u00e9 poss\u00edvel afirmar que o recuo de 0,4% no consumo do governo, frente ao terceiro trimestre de 2014, esteja ligado ao esfor\u00e7o de ajuste fiscal. Assim como a alta de 0,3%, em rela\u00e7\u00e3o ao segundo trimestre, tamb\u00e9m n\u00e3o significa crescimento de gastos.<\/p>\n<p>\u2014 O consumo do governo inclui gastos com sa\u00fade, educa\u00e7\u00e3o e a pr\u00f3pria administra\u00e7\u00e3o p\u00fablica em si, em todas as esferas. N\u00e3o d\u00e1 para afirmar que a queda de gastos do governo explique a varia\u00e7\u00e3o de 0,4%. E a varia\u00e7\u00e3o de 0,3% n\u00e3o quer dizer que cresceu o gasto. Se \u00e9 uma queda menor que no trimestre anterior, j\u00e1 \u00e9 suficiente para uma varia\u00e7\u00e3o positiva.<\/p>\n<p>A agropecu\u00e1ria registrou queda de 2% no terceiro trimestre frente ao mesmo per\u00edodo do ano passado, o maior desde o terceiro trimestre de 2013, quando a taxa havia ficado em -2,7%. O IBGE explica que o resultado se deve ao desempenho negativo de produtos que t\u00eam safra relevante no per\u00edodo como caf\u00e9, cana de a\u00e7\u00facar, laranja, algod\u00e3o e trigo.<\/p>\n<p>\u2014 O peso da agricultura no PIB \u00e9 de 5,2%, por isso \u00e9 importante olhar com cuidado para a taxa da agropecu\u00e1ria, que teve queda de 2,4% na compara\u00e7\u00e3o com o trimestre imediatamente anterior, mais do que a ind\u00fastria e os servi\u00e7os, que pesam 72% no PIB. H\u00e1 nessa taxa da agropecu\u00e1ria um componente sazonal, ent\u00e3o \u00e9 mais correto olhar para o mesmo trimestre do ano anterior, para ter como base as mesmas culturas \u2014 explica Claudia.<\/p>\n<p>Em rela\u00e7\u00e3o ao segundo trimestre, todas as atividades da economia registraram queda, com exce\u00e7\u00e3o da despesa do consumo do governo, que subiu 0,3%. Pelo lado da oferta, a agropecu\u00e1ria caiu 2,4% em rela\u00e7\u00e3o ao trimestre anterior, acompanhada por um tombo de 1,3% da ind\u00fastria. Servi\u00e7os, por sua vez, teve queda de 1%.<\/p>\n<p>No setor industrial, a maior queda foi registrada na ind\u00fastria de transforma\u00e7\u00e3o, com retra\u00e7\u00e3o de 3,1% no trimestre frente aos tr\u00eas meses imediatamente anteriores. Os segmentos da constru\u00e7\u00e3o civil e extra\u00e7\u00e3o mineral tamb\u00e9m apresentaram desempenho negativo no mesmo per\u00edodo, com quedas de 0,5% e 0,2%, respectivamente.<\/p>\n<p>Pelo lado das despesas, o consumo das fam\u00edlias caiu 1,5% e o investimento recuou 4%, tamb\u00e9m frente ao segundo trimestre. As exporta\u00e7\u00f5es tiveram queda de 1,8%, enquanto as importa\u00e7\u00f5es tiveram contribui\u00e7\u00e3o negativa de 6,9%. Ainda nessa base de compara\u00e7\u00e3o, a FBCF apresentou queda de 4%, o nono trimestre consecutivo de queda.<\/p>\n<p>A taxa de investimento no terceiro trimestre de 2015 foi de 18,1% do PIB, inferior \u00e0 do mesmo per\u00edodo de 2014 (20,2%). A taxa de poupan\u00e7a foi de 15% no terceiro trimestre de 2015 (ante 17,2% no mesmo per\u00edodo de 2014).<\/p>\n<p><strong>REVIS\u00d5ES<\/strong><\/p>\n<p>O IBGE revisou os resultados do PIB de tr\u00eas trimestres, na compara\u00e7\u00e3o com o trimestre imediatamente anterior. A taxa de crescimento da economia do \u00faltimo trimestre de 2014 foi revisada de 0 para 0,1%, a do primeiro trimestre de 2015 passou de -0,7% para -0,8% e a do segundo trimestre de -1,9% para -2,1%.<\/p>\n<p>Diferentemente do que ocorreu nos dois anos anteriores, a perda de ritmo da atividade em 2015 \u00e9 acompanhada por uma piora mais forte do mercado de trabalho, o que agrava a crise. Na semana passada, a Pesquisa Nacional por Amostra de Domic\u00edlios (Pnad) cont\u00ednua apontou que a taxa de desemprego ficou em 8,9% no terceiro trimestre do ano, acima dos 8,3% registrados no trimestre encerrado em junho. A pesquisa inclui dados para todos os estados brasileiros. Essa \u00e9 a maior taxa de desemprego para o per\u00edodo desde 2012, o in\u00edcio da s\u00e9rie hist\u00f3rica da pesquisa. Em igual trimestre de 2014, a taxa de desemprego foi de 6,8%. E indica uma alta do desemprego em todas as regi\u00f5es do pa\u00eds.<\/p>\n<p>As perspectivas de analistas para este ano n\u00e3o s\u00e3o boas. De acordo com o mais recente boletim Focus, do Banco Central, divulgado nesta segunda-feira, o PIB voltou a ser revisto para baixo pelos analistas: -3,19% em 2015 e -2,04% em 2016. Se a previs\u00e3o estiver correta, ser\u00e1 o primeira retra\u00e7\u00e3o anual desde 2009 (-0,2%), ano p\u00f3s-crise global, e o pior resultado em toda a s\u00e9rie hist\u00f3rica, iniciada em 1996.<\/p>\n<p>Fonte: O Globo \/ Daiane Costa, Lucianne Carneiro e Lucas Moretzsohn<\/p>\n","protected":false},"excerpt":{"rendered":"<p>Dados frente ao trimestre anterior s\u00e3o os piores da s\u00e9rie hist\u00f3rica, iniciada em 1996 A economia brasileira encolheu 1,7% no terceiro trimestre, na compara\u00e7\u00e3o com&#8230;<\/p>\n","protected":false},"author":1182,"featured_media":3774,"comment_status":"closed","ping_status":"closed","sticky":false,"template":"","format":"standard","meta":{"footnotes":""},"categories":[6],"tags":[],"class_list":["post-16907","post","type-post","status-publish","format-standard","has-post-thumbnail","hentry","category-noticias"],"_links":{"self":[{"href":"https:\/\/www.sincomam.org.br\/index.php\/wp-json\/wp\/v2\/posts\/16907","targetHints":{"allow":["GET"]}}],"collection":[{"href":"https:\/\/www.sincomam.org.br\/index.php\/wp-json\/wp\/v2\/posts"}],"about":[{"href":"https:\/\/www.sincomam.org.br\/index.php\/wp-json\/wp\/v2\/types\/post"}],"author":[{"embeddable":true,"href":"https:\/\/www.sincomam.org.br\/index.php\/wp-json\/wp\/v2\/users\/1182"}],"replies":[{"embeddable":true,"href":"https:\/\/www.sincomam.org.br\/index.php\/wp-json\/wp\/v2\/comments?post=16907"}],"version-history":[{"count":1,"href":"https:\/\/www.sincomam.org.br\/index.php\/wp-json\/wp\/v2\/posts\/16907\/revisions"}],"predecessor-version":[{"id":16908,"href":"https:\/\/www.sincomam.org.br\/index.php\/wp-json\/wp\/v2\/posts\/16907\/revisions\/16908"}],"wp:featuredmedia":[{"embeddable":true,"href":"https:\/\/www.sincomam.org.br\/index.php\/wp-json\/wp\/v2\/media\/3774"}],"wp:attachment":[{"href":"https:\/\/www.sincomam.org.br\/index.php\/wp-json\/wp\/v2\/media?parent=16907"}],"wp:term":[{"taxonomy":"category","embeddable":true,"href":"https:\/\/www.sincomam.org.br\/index.php\/wp-json\/wp\/v2\/categories?post=16907"},{"taxonomy":"post_tag","embeddable":true,"href":"https:\/\/www.sincomam.org.br\/index.php\/wp-json\/wp\/v2\/tags?post=16907"}],"curies":[{"name":"wp","href":"https:\/\/api.w.org\/{rel}","templated":true}]}}