{"id":13163,"date":"2015-07-01T09:55:45","date_gmt":"2015-07-01T12:55:45","guid":{"rendered":"http:\/\/www.sincomam.org.br\/?p=13163"},"modified":"2015-07-01T09:55:45","modified_gmt":"2015-07-01T12:55:45","slug":"apos-15-meses-militares-do-exercito-e-da-marinha-deixam-complexo-da-mare","status":"publish","type":"post","link":"https:\/\/www.sincomam.org.br\/index.php\/apos-15-meses-militares-do-exercito-e-da-marinha-deixam-complexo-da-mare\/","title":{"rendered":"Ap\u00f3s 15 meses, militares do Ex\u00e9rcito e da Marinha deixam Complexo da Mar\u00e9"},"content":{"rendered":"<p>Nesta ter\u00e7a-feira, 30, militares do Ex\u00e9rcito e da Marinha que integravam a For\u00e7a de Pacifica\u00e7\u00e3o deixaram definitivamente o Complexo da Mar\u00e9, na zona norte do Rio de Janeiro, dando fim a uma ocupa\u00e7\u00e3o de 15 meses. Uma formatura no Centro de Prepara\u00e7\u00e3o de Oficiais da Reserva (CPOR) marcou a sa\u00edda dos militares.<\/p>\n<p>Os militares sa\u00edram das dez comunidades que ainda estavam sob responsabilidade das For\u00e7as Armadas, todas dominadas pela fac\u00e7\u00e3o criminosa Terceiro Comando Puro (TCP). Todo o complexo j\u00e1 est\u00e1 ocupado pela PM, com um efetivo de apenas 400 policiais, 13% do grupamento de 3 mil militares que atuaram at\u00e9 esta ter\u00e7a-feira.<\/p>\n<p>Em entrevista durante a solenidade que marcou o fim da Opera\u00e7\u00e3o S\u00e3o Francisco, como foi batizada a a\u00e7\u00e3o do Minist\u00e9rio da Defesa na Mar\u00e9, o secret\u00e1rio de Seguran\u00e7a do Rio, Jos\u00e9 Mariano Beltrame, demonstrou pessimismo com a possibilidade de o complexo vir a ser pacificado em pouco tempo. &#8220;S\u00e3o pessoas que n\u00e3o est\u00e3o dispostas a entregar seus locais, mas o Estado tem que mostrar que \u00e9 mais forte. Dizer que voc\u00ea vai acabar com o Comando Vermelho, com outras fac\u00e7\u00f5es, isso \u00e9 muito dif\u00edcil. Mas temos informa\u00e7\u00f5es de que essas fac\u00e7\u00f5es est\u00e3o muito combalidas com essas a\u00e7\u00f5es.&#8221;<\/p>\n<p>A PM informou que manter\u00e1 21 pontos fixos de patrulhamento no complexo. As vias expressas pr\u00f3ximas \u00e0s favelas &#8211; Avenida Brasil, Linha Amarela e Linha Vermelha &#8211; t\u00eam o policiamento intensificado. At\u00e9 o primeiro trimestre de 2016, a Mar\u00e9 dever\u00e1 receber quatro Unidades de Pol\u00edcia Pacificadora (UPPs), j\u00e1 com bases fixas e n\u00e3o em cont\u00eaineres, como foi feito nas 38 unidades j\u00e1 implantadas na regi\u00e3o metropolitana. Ao todo, 1.620 PMs atuar\u00e3o na Mar\u00e9.<\/p>\n<p>Fonte: UOL \/ Estad\u00e3o Conte\u00fado<\/p>\n","protected":false},"excerpt":{"rendered":"<p>Nesta ter\u00e7a-feira, 30, militares do Ex\u00e9rcito e da Marinha que integravam a For\u00e7a de Pacifica\u00e7\u00e3o deixaram definitivamente o Complexo da Mar\u00e9, na zona norte do&#8230;<\/p>\n","protected":false},"author":1182,"featured_media":4423,"comment_status":"closed","ping_status":"closed","sticky":false,"template":"","format":"standard","meta":{"footnotes":""},"categories":[6],"tags":[],"class_list":["post-13163","post","type-post","status-publish","format-standard","has-post-thumbnail","hentry","category-noticias"],"_links":{"self":[{"href":"https:\/\/www.sincomam.org.br\/index.php\/wp-json\/wp\/v2\/posts\/13163","targetHints":{"allow":["GET"]}}],"collection":[{"href":"https:\/\/www.sincomam.org.br\/index.php\/wp-json\/wp\/v2\/posts"}],"about":[{"href":"https:\/\/www.sincomam.org.br\/index.php\/wp-json\/wp\/v2\/types\/post"}],"author":[{"embeddable":true,"href":"https:\/\/www.sincomam.org.br\/index.php\/wp-json\/wp\/v2\/users\/1182"}],"replies":[{"embeddable":true,"href":"https:\/\/www.sincomam.org.br\/index.php\/wp-json\/wp\/v2\/comments?post=13163"}],"version-history":[{"count":1,"href":"https:\/\/www.sincomam.org.br\/index.php\/wp-json\/wp\/v2\/posts\/13163\/revisions"}],"predecessor-version":[{"id":13164,"href":"https:\/\/www.sincomam.org.br\/index.php\/wp-json\/wp\/v2\/posts\/13163\/revisions\/13164"}],"wp:featuredmedia":[{"embeddable":true,"href":"https:\/\/www.sincomam.org.br\/index.php\/wp-json\/wp\/v2\/media\/4423"}],"wp:attachment":[{"href":"https:\/\/www.sincomam.org.br\/index.php\/wp-json\/wp\/v2\/media?parent=13163"}],"wp:term":[{"taxonomy":"category","embeddable":true,"href":"https:\/\/www.sincomam.org.br\/index.php\/wp-json\/wp\/v2\/categories?post=13163"},{"taxonomy":"post_tag","embeddable":true,"href":"https:\/\/www.sincomam.org.br\/index.php\/wp-json\/wp\/v2\/tags?post=13163"}],"curies":[{"name":"wp","href":"https:\/\/api.w.org\/{rel}","templated":true}]}}