{"id":13147,"date":"2015-07-01T09:23:44","date_gmt":"2015-07-01T12:23:44","guid":{"rendered":"http:\/\/www.sincomam.org.br\/?p=13147"},"modified":"2015-07-01T09:23:53","modified_gmt":"2015-07-01T12:23:53","slug":"governador-do-rio-cre-que-comperj-sera-concluido-com-parcerias","status":"publish","type":"post","link":"https:\/\/www.sincomam.org.br\/index.php\/governador-do-rio-cre-que-comperj-sera-concluido-com-parcerias\/","title":{"rendered":"Governador do Rio  cr\u00ea que Comperj ser\u00e1 conclu\u00eddo com parcerias"},"content":{"rendered":"<p>O governador do Rio de Janeiro, Luiz Fernando Pez\u00e3o, afirmou ter certeza de que o Complexo Petroqu\u00edmico do Estado do Rio de Janeiro (Comperj) ficar\u00e1 pronto. Adiantou que a Petrobras deve anunciar nos pr\u00f3ximos dias a busca de parceiros para terminar o empreendimento.<\/p>\n<p>\u201c\u00c9 um projeto que pode sofrer uma paralisa\u00e7\u00e3o moment\u00e2nea, mas ser\u00e1 retomado. Estamos com 86% das obras conclu\u00eddas e faltam 14% [da primeira fase de obras]. Tenho certeza de que iremos terminar\u201d, disse o governador \u00e0 Ag\u00eancia Brasil. Segundo Pez\u00e3o, o presidente da Petrobras, Aldemir Bendine, esclareceu que j\u00e1 h\u00e1 investidores interessados.<\/p>\n<p><strong>Adiamento<\/strong><br \/><span><br \/>De in\u00edcio, o Complexo Petroqu\u00edmico de Itabora\u00ed (Comperj) teria duas refinarias, depois reduzidas a uma. Agora, o nome est\u00e1 mantido, mas o que est\u00e1 certo mesmo \u00e9 apenas uma unidade de tratamento de g\u00e1s. A refinaria, embora 82% conclu\u00edda, vai ficar \u00e0 espera de um novo s\u00f3cio ou de melhoria do caixa estatal. Planejada para iniciar a opera\u00e7\u00e3o em 2012, o primeiro trem de refino do Comperj foi projetado para processar 165 mil b\/d de \u00f3leo com a produ\u00e7\u00e3o focada em diesel. A segunda etapa, redimensionada durante a gest\u00e3o Gra\u00e7a Foster para 300 mil b\/d, chegou a ser programada para iniciar em 2018, mas foi cancelada ainda no ano passado. A petroqu\u00edmica, que d\u00e1 nome ao projeto, foi descartada pela Braskem.<\/span><\/p>\n<p><span>Ser\u00e1 dif\u00edcil os pol\u00edticos fluminenses conseguirem algum \u00eaxito. O governador Pez\u00e3o est\u00e1 mais preocupado em pagar suas contas. A presidente Dilma est\u00e1 sofrendo ataques de diversos lados e n\u00e3o pode mais proteger aliados como antes. Joaquim Levy s\u00f3 pensa em cortar custos, e o presidente da Petrobras, Aldemir Bendine, recebeu uma esp\u00e9cie de carta branca para resolver a crise na estatal da maneira que desejar.<\/span><\/p>\n<p><span>Fonte: Monitor Mercantil\/Sergio Barreto Motta<\/span><\/p>\n<p>&nbsp;<\/p>\n","protected":false},"excerpt":{"rendered":"<p>O governador do Rio de Janeiro, Luiz Fernando Pez\u00e3o, afirmou ter certeza de que o Complexo Petroqu\u00edmico do Estado do Rio de Janeiro (Comperj) ficar\u00e1&#8230;<\/p>\n","protected":false},"author":1182,"featured_media":4139,"comment_status":"closed","ping_status":"closed","sticky":false,"template":"","format":"standard","meta":{"footnotes":""},"categories":[6],"tags":[],"class_list":["post-13147","post","type-post","status-publish","format-standard","has-post-thumbnail","hentry","category-noticias"],"_links":{"self":[{"href":"https:\/\/www.sincomam.org.br\/index.php\/wp-json\/wp\/v2\/posts\/13147","targetHints":{"allow":["GET"]}}],"collection":[{"href":"https:\/\/www.sincomam.org.br\/index.php\/wp-json\/wp\/v2\/posts"}],"about":[{"href":"https:\/\/www.sincomam.org.br\/index.php\/wp-json\/wp\/v2\/types\/post"}],"author":[{"embeddable":true,"href":"https:\/\/www.sincomam.org.br\/index.php\/wp-json\/wp\/v2\/users\/1182"}],"replies":[{"embeddable":true,"href":"https:\/\/www.sincomam.org.br\/index.php\/wp-json\/wp\/v2\/comments?post=13147"}],"version-history":[{"count":1,"href":"https:\/\/www.sincomam.org.br\/index.php\/wp-json\/wp\/v2\/posts\/13147\/revisions"}],"predecessor-version":[{"id":13148,"href":"https:\/\/www.sincomam.org.br\/index.php\/wp-json\/wp\/v2\/posts\/13147\/revisions\/13148"}],"wp:featuredmedia":[{"embeddable":true,"href":"https:\/\/www.sincomam.org.br\/index.php\/wp-json\/wp\/v2\/media\/4139"}],"wp:attachment":[{"href":"https:\/\/www.sincomam.org.br\/index.php\/wp-json\/wp\/v2\/media?parent=13147"}],"wp:term":[{"taxonomy":"category","embeddable":true,"href":"https:\/\/www.sincomam.org.br\/index.php\/wp-json\/wp\/v2\/categories?post=13147"},{"taxonomy":"post_tag","embeddable":true,"href":"https:\/\/www.sincomam.org.br\/index.php\/wp-json\/wp\/v2\/tags?post=13147"}],"curies":[{"name":"wp","href":"https:\/\/api.w.org\/{rel}","templated":true}]}}