{"id":13128,"date":"2015-06-30T10:53:14","date_gmt":"2015-06-30T13:53:14","guid":{"rendered":"http:\/\/www.sincomam.org.br\/?p=13128"},"modified":"2015-06-30T10:53:14","modified_gmt":"2015-06-30T13:53:14","slug":"camara-deve-comecar-a-votar-hoje-reducao-da-maioridade-penal","status":"publish","type":"post","link":"https:\/\/www.sincomam.org.br\/index.php\/camara-deve-comecar-a-votar-hoje-reducao-da-maioridade-penal\/","title":{"rendered":"C\u00e2mara deve come\u00e7ar a votar hoje redu\u00e7\u00e3o da maioridade penal"},"content":{"rendered":"<p><strong><em>Texto pol\u00eamico ainda divide parlamentares. Manifestantes prometem protestos em Bras\u00edlia<\/em><\/strong><\/p>\n<p>O plen\u00e1rio da C\u00e2mara dos Deputados deve come\u00e7ar a vota\u00e7\u00e3o da PEC (proposta de emenda \u00e0 Constitui\u00e7\u00e3o) 171, que reduz a maioridade penal de 18 para 16 anos, nesta ter\u00e7a-feira (30). O presidente da Casa, deputado Eduardo Cunha (PMDB-RJ), afirmou que a proposta s\u00f3 sair\u00e1 da pauta ap\u00f3s a conclus\u00e3o da vota\u00e7\u00e3o.<\/p>\n<p>O texto que ser\u00e1 analisado \u00e9 o parecer do deputado Laerte Bessa (PR-DF), relator da comiss\u00e3o especial criada para discutir o assunto.<\/p>\n<p>O relat\u00f3rio, aprovado na comiss\u00e3o, prev\u00ea a diminui\u00e7\u00e3o da idade penal apenas nos casos de crimes hediondos, como estupro, latroc\u00ednio, les\u00e3o corporal grave e roubo qualificado (quando h\u00e1 sequestro ou participa\u00e7\u00e3o de dois ou mais criminosos, entre outras circunst\u00e2ncias).<\/p>\n<p>O deputado tamb\u00e9m prop\u00f5e que, junto com as pr\u00f3ximas elei\u00e7\u00f5es, seja feito um referendo popular para consultar a opini\u00e3o da popula\u00e7\u00e3o sobre o tema. Segundo o texto, as penas previstas ser\u00e3o cumpridas pelos adolescentes em ambiente separado dos adultos.<\/p>\n<p>Na vota\u00e7\u00e3o da comiss\u00e3o especial, o PMDB, PSDB, DEM, PR, PP e PTB orientaram suas bancadas a votar pela redu\u00e7\u00e3o da maioridade penal. O PT, PSB, PPS, PDT e PCdoB se posicionaram contr\u00e1rios \u00e0 medida.<\/p>\n<p>A divis\u00e3o deve se manter no plen\u00e1rio e a vota\u00e7\u00e3o deve acirrar os \u00e2nimos entre os parlamentares, a exemplo do que aconteceu em sess\u00f5es anteriores na comiss\u00e3o especial, quando policiais legislativos chegaram a lan\u00e7ar spray de pimenta contra manifestantes contr\u00e1rios \u00e0 proposta. Ap\u00f3s a confus\u00e3o, a entrada na Comiss\u00e3o passou a ser restrita ao p\u00fablico.<\/p>\n<p>Representantes da UNE (Uni\u00e3o Nacional dos Estudantes) e da Ubes (Uni\u00e3o Brasileira de Estudantes Secundaristas) est\u00e3o acampados em frente ao Congresso Nacional na Esplanada dos Minist\u00e9rios, em Bras\u00edlia, desde a \u00faltima segunda-feira (29).<\/p>\n<p>As duas organiza\u00e7\u00f5es convocaram pelas redes sociais uma manifesta\u00e7\u00e3o para esta ter\u00e7a durante a vota\u00e7\u00e3o. Eles tamb\u00e9m pretendem acompanhar o debate de dentro do plen\u00e1rio Ulysses Guimar\u00e3es, das galerias destinadas ao p\u00fablico.<\/p>\n<p>Os diretores das duas entidades entraram com um pedido de habeas corpus no STF (Supremo Tribunal Federal) pedindo a garantia de acesso ao local. A ministra C\u00e1rmen L\u00facia se posicionou favoravelmente ao pedido e decidiu pela libera\u00e7\u00e3o das galerias para que os manifestantes possam acompanhar a vota\u00e7\u00e3o.<\/p>\n<p>Fonte: R7<\/p>\n","protected":false},"excerpt":{"rendered":"<p>Texto pol\u00eamico ainda divide parlamentares. Manifestantes prometem protestos em Bras\u00edlia O plen\u00e1rio da C\u00e2mara dos Deputados deve come\u00e7ar a vota\u00e7\u00e3o da PEC (proposta de emenda&#8230;<\/p>\n","protected":false},"author":1182,"featured_media":13000,"comment_status":"closed","ping_status":"closed","sticky":false,"template":"","format":"standard","meta":{"footnotes":""},"categories":[6],"tags":[],"class_list":["post-13128","post","type-post","status-publish","format-standard","has-post-thumbnail","hentry","category-noticias"],"_links":{"self":[{"href":"https:\/\/www.sincomam.org.br\/index.php\/wp-json\/wp\/v2\/posts\/13128","targetHints":{"allow":["GET"]}}],"collection":[{"href":"https:\/\/www.sincomam.org.br\/index.php\/wp-json\/wp\/v2\/posts"}],"about":[{"href":"https:\/\/www.sincomam.org.br\/index.php\/wp-json\/wp\/v2\/types\/post"}],"author":[{"embeddable":true,"href":"https:\/\/www.sincomam.org.br\/index.php\/wp-json\/wp\/v2\/users\/1182"}],"replies":[{"embeddable":true,"href":"https:\/\/www.sincomam.org.br\/index.php\/wp-json\/wp\/v2\/comments?post=13128"}],"version-history":[{"count":1,"href":"https:\/\/www.sincomam.org.br\/index.php\/wp-json\/wp\/v2\/posts\/13128\/revisions"}],"predecessor-version":[{"id":13129,"href":"https:\/\/www.sincomam.org.br\/index.php\/wp-json\/wp\/v2\/posts\/13128\/revisions\/13129"}],"wp:featuredmedia":[{"embeddable":true,"href":"https:\/\/www.sincomam.org.br\/index.php\/wp-json\/wp\/v2\/media\/13000"}],"wp:attachment":[{"href":"https:\/\/www.sincomam.org.br\/index.php\/wp-json\/wp\/v2\/media?parent=13128"}],"wp:term":[{"taxonomy":"category","embeddable":true,"href":"https:\/\/www.sincomam.org.br\/index.php\/wp-json\/wp\/v2\/categories?post=13128"},{"taxonomy":"post_tag","embeddable":true,"href":"https:\/\/www.sincomam.org.br\/index.php\/wp-json\/wp\/v2\/tags?post=13128"}],"curies":[{"name":"wp","href":"https:\/\/api.w.org\/{rel}","templated":true}]}}