{"id":13111,"date":"2015-06-29T11:02:28","date_gmt":"2015-06-29T14:02:28","guid":{"rendered":"http:\/\/www.sincomam.org.br\/?p=13111"},"modified":"2015-06-29T11:03:07","modified_gmt":"2015-06-29T14:03:07","slug":"porto-de-itajai-perde-linhas-para-navegantes-e-30-sao-demitidos","status":"publish","type":"post","link":"https:\/\/www.sincomam.org.br\/index.php\/porto-de-itajai-perde-linhas-para-navegantes-e-30-sao-demitidos\/","title":{"rendered":"Porto de Itaja\u00ed perde linhas para navegantes e 30 trabalhadores s\u00e3o demitidos"},"content":{"rendered":"<p>Em Itaja\u00ed, 30 funcion\u00e1rios da empresa respons\u00e1vel pela opera\u00e7\u00e3o no porto da cidade foram demitidos ap\u00f3s tr\u00eas rotas de navios, que atracavam na cidade, serem transferidas para Navegantes, do outro lado do rio. As demiss\u00f5es ocorreram na \u00faltima quarta-feira (24), informou a pr\u00f3pria empresa respons\u00e1vel, a APM Terminals.<\/p>\n<p>Entre as tr\u00eas linhas que deixam de operar em Itaja\u00ed, uma passava pela \u00c1sia e duas pelo Golfo do M\u00e9xico, informou a APM Terminals. As tr\u00eas tinham como principais cargas produtos de importa\u00e7\u00e3o, conforme o Porto de Itaja\u00ed. As mudan\u00e7as ocorreram, principalmente, por causa da diferen\u00e7a de pre\u00e7o entre os dois terminais portu\u00e1rios.<\/p>\n<p>Segundo a administra\u00e7\u00e3o do Porto de Itaja\u00ed, as despesas para aportar em Itaja\u00ed s\u00e3o quase tr\u00eas vezes maiores do que na Portonave, de Navegantes. &#8220;O mercado define que pre\u00e7o se pode praticar e \u00e9 preciso se adequar \u00e0 condi\u00e7\u00e3o de custo e efici\u00eancia para poder oferecer esses pre\u00e7os que o mercado est\u00e1 impondo&#8221;, afirmou o diretor-superintendente da Portonave, Osmari de Castilho Ribas.<\/p>\n<p><strong>Demiss\u00f5es<\/strong><\/p>\n<p>Em rela\u00e7\u00e3o \u00e0s demiss\u00f5es, elas foram nas \u00e1reas administrativas, informou a APM Terminals.&#8221;Com rela\u00e7\u00e3o \u00e0 \u00e1rea operacional em si, a gente s\u00f3 vai tomar uma decis\u00e3o quando efetivamente a gente conseguir enxergar qual vai ser o volume efetivo nos pr\u00f3ximos meses de cont\u00eaineres no nosso porto&#8221;, explicou o superintendente da APM Terminals, Ricardo Arten.<\/p>\n<p>De acordo com o Porto de Itaja\u00ed, cada cont\u00eainer que deixa de atracar significa uma perda de cerca de R$ 1,6 mil para toda a cadeia log\u00edstica, desde o motorista do caminh\u00e3o, passando pela armazenagem, at\u00e9 o pr\u00f3prio terminal. A mudan\u00e7a nas tr\u00eas linhas ocorreu nesta semana, no momento de renova\u00e7\u00e3o do contrato, segundo a APM Terminals.<\/p>\n<p>Fonte: G1 SC<\/p>\n","protected":false},"excerpt":{"rendered":"<p>Em Itaja\u00ed, 30 funcion\u00e1rios da empresa respons\u00e1vel pela opera\u00e7\u00e3o no porto da cidade foram demitidos ap\u00f3s tr\u00eas rotas de navios, que atracavam na cidade, serem&#8230;<\/p>\n","protected":false},"author":1182,"featured_media":6990,"comment_status":"closed","ping_status":"closed","sticky":false,"template":"","format":"standard","meta":{"footnotes":""},"categories":[6],"tags":[],"class_list":["post-13111","post","type-post","status-publish","format-standard","has-post-thumbnail","hentry","category-noticias"],"_links":{"self":[{"href":"https:\/\/www.sincomam.org.br\/index.php\/wp-json\/wp\/v2\/posts\/13111","targetHints":{"allow":["GET"]}}],"collection":[{"href":"https:\/\/www.sincomam.org.br\/index.php\/wp-json\/wp\/v2\/posts"}],"about":[{"href":"https:\/\/www.sincomam.org.br\/index.php\/wp-json\/wp\/v2\/types\/post"}],"author":[{"embeddable":true,"href":"https:\/\/www.sincomam.org.br\/index.php\/wp-json\/wp\/v2\/users\/1182"}],"replies":[{"embeddable":true,"href":"https:\/\/www.sincomam.org.br\/index.php\/wp-json\/wp\/v2\/comments?post=13111"}],"version-history":[{"count":2,"href":"https:\/\/www.sincomam.org.br\/index.php\/wp-json\/wp\/v2\/posts\/13111\/revisions"}],"predecessor-version":[{"id":13113,"href":"https:\/\/www.sincomam.org.br\/index.php\/wp-json\/wp\/v2\/posts\/13111\/revisions\/13113"}],"wp:featuredmedia":[{"embeddable":true,"href":"https:\/\/www.sincomam.org.br\/index.php\/wp-json\/wp\/v2\/media\/6990"}],"wp:attachment":[{"href":"https:\/\/www.sincomam.org.br\/index.php\/wp-json\/wp\/v2\/media?parent=13111"}],"wp:term":[{"taxonomy":"category","embeddable":true,"href":"https:\/\/www.sincomam.org.br\/index.php\/wp-json\/wp\/v2\/categories?post=13111"},{"taxonomy":"post_tag","embeddable":true,"href":"https:\/\/www.sincomam.org.br\/index.php\/wp-json\/wp\/v2\/tags?post=13111"}],"curies":[{"name":"wp","href":"https:\/\/api.w.org\/{rel}","templated":true}]}}