{"id":13098,"date":"2015-06-29T10:39:43","date_gmt":"2015-06-29T13:39:43","guid":{"rendered":"http:\/\/www.sincomam.org.br\/?p=13098"},"modified":"2015-06-29T10:39:43","modified_gmt":"2015-06-29T13:39:43","slug":"petrobras-anuncia-3-500-vagas-de-emprego-temporario","status":"publish","type":"post","link":"https:\/\/www.sincomam.org.br\/index.php\/petrobras-anuncia-3-500-vagas-de-emprego-temporario\/","title":{"rendered":"Petrobras anuncia 3.500 vagas de emprego tempor\u00e1rio"},"content":{"rendered":"<p><strong><em>Ser\u00e1 instalado um posto do PAT na \u00e1rea da refinaria, para facilitar o processo de encaminhamento e contrata\u00e7\u00e3o<\/p>\n<p><\/em><\/strong>O an\u00fancio da abertura de novas vagas foi feito ontem (8) pelo gerente de Planejamento e Controladoria da refinaria, Ricardo Rodrigues de Oliveira, durante reuni\u00e3o pela manh\u00e3 na regional do Centro das Ind\u00fastrias do Estado de S\u00e3o Paulo (Ciesp) em Cubat\u00e3o, com representantes dos trabalhadores e da Prefeitura em defesa da reserva da m\u00e3o de obra local para moradores da cidade.<strong><em><br \/><\/em><\/strong><\/p>\n<p>Ricardo de Oliveira disse que a Petrobras assumir\u00e1 o compromisso de destinar as vagas a trabalhadores de Cubat\u00e3o e que as contrata\u00e7\u00f5es ser\u00e3o feitas por interm\u00e9dio do Posto de Atendimento ao Trabalhador (PAT), que atua na cidade sob coordena\u00e7\u00e3o da Secretaria Municipal de Emprego e Desenvolvimento Sustent\u00e1vel (Semed).<\/p>\n<p>Ser\u00e1 instalado um posto do PAT na \u00e1rea da refinaria, para facilitar o processo de encaminhamento e contrata\u00e7\u00e3o.<\/p>\n<p>As 15 primeiras contrata\u00e7\u00f5es ser\u00e3o feitas j\u00e1 a partir do pr\u00f3ximo dia 15, para a fase de pr\u00e9-parada. At\u00e9 o fim de julho, outros 269 trabalhadores estar\u00e3o contratados; 725 at\u00e9 agosto, 1.476 at\u00e9 setembro; 2.995 at\u00e9 outubro; devendo a fase de pico dos servi\u00e7os ocorrer em novembro, quando 3,5 mil trabalhadores estar\u00e3o atuando na \u00e1rea.<\/p>\n<p>O encontro no Ciesp, liderado pelo diretor titular da entidade, Valdir Jos\u00e9 Caobianco, contou com a participa\u00e7\u00e3o da prefeita Marcia Rosa e do secret\u00e1rio municipal de Emprego e Desenvolvimento, Carlos Alberto Benincasa.<\/p>\n<p>A reuni\u00e3o deu prosseguimento \u00e0s negocia\u00e7\u00f5es iniciadas em abril por um movimento de trabalhadores que reivindicam a reserva de vagas no mercado local para moradores da Cidade, abrindo exce\u00e7\u00f5es para oper\u00e1rios qualificados da regi\u00e3o s\u00f3 no caso das oportunidades n\u00e3o serem preenchidas.<\/p>\n<p>Como o movimento se op\u00f5e \u00e0 contrata\u00e7\u00e3o de trabalhadores vindos de fora da regi\u00e3o, a prefeita Marcia Rosa comprometeu-se a informar os prefeitos que participam das reuni\u00f5es do Conselho de Desenvolvimento de Baixada Santista (Condesb) sobre a exist\u00eancia de alojamentos clandestinos de trabalhadores trazidos de fora e alocados nas cidades da regi\u00e3o.<\/p>\n<p>Fonte: A Tribuna<\/p>\n<p><strong><em><\/em><\/strong><\/p>\n","protected":false},"excerpt":{"rendered":"<p>Ser\u00e1 instalado um posto do PAT na \u00e1rea da refinaria, para facilitar o processo de encaminhamento e contrata\u00e7\u00e3o O an\u00fancio da abertura de novas vagas&#8230;<\/p>\n","protected":false},"author":1182,"featured_media":9787,"comment_status":"closed","ping_status":"closed","sticky":false,"template":"","format":"standard","meta":{"footnotes":""},"categories":[6],"tags":[],"class_list":["post-13098","post","type-post","status-publish","format-standard","has-post-thumbnail","hentry","category-noticias"],"_links":{"self":[{"href":"https:\/\/www.sincomam.org.br\/index.php\/wp-json\/wp\/v2\/posts\/13098","targetHints":{"allow":["GET"]}}],"collection":[{"href":"https:\/\/www.sincomam.org.br\/index.php\/wp-json\/wp\/v2\/posts"}],"about":[{"href":"https:\/\/www.sincomam.org.br\/index.php\/wp-json\/wp\/v2\/types\/post"}],"author":[{"embeddable":true,"href":"https:\/\/www.sincomam.org.br\/index.php\/wp-json\/wp\/v2\/users\/1182"}],"replies":[{"embeddable":true,"href":"https:\/\/www.sincomam.org.br\/index.php\/wp-json\/wp\/v2\/comments?post=13098"}],"version-history":[{"count":1,"href":"https:\/\/www.sincomam.org.br\/index.php\/wp-json\/wp\/v2\/posts\/13098\/revisions"}],"predecessor-version":[{"id":13099,"href":"https:\/\/www.sincomam.org.br\/index.php\/wp-json\/wp\/v2\/posts\/13098\/revisions\/13099"}],"wp:featuredmedia":[{"embeddable":true,"href":"https:\/\/www.sincomam.org.br\/index.php\/wp-json\/wp\/v2\/media\/9787"}],"wp:attachment":[{"href":"https:\/\/www.sincomam.org.br\/index.php\/wp-json\/wp\/v2\/media?parent=13098"}],"wp:term":[{"taxonomy":"category","embeddable":true,"href":"https:\/\/www.sincomam.org.br\/index.php\/wp-json\/wp\/v2\/categories?post=13098"},{"taxonomy":"post_tag","embeddable":true,"href":"https:\/\/www.sincomam.org.br\/index.php\/wp-json\/wp\/v2\/tags?post=13098"}],"curies":[{"name":"wp","href":"https:\/\/api.w.org\/{rel}","templated":true}]}}