{"id":13096,"date":"2015-06-29T10:36:59","date_gmt":"2015-06-29T13:36:59","guid":{"rendered":"http:\/\/www.sincomam.org.br\/?p=13096"},"modified":"2015-06-29T10:36:59","modified_gmt":"2015-06-29T13:36:59","slug":"firjan-apresenta-propostas-para-aumentar-a-competitividade-dos-portos","status":"publish","type":"post","link":"https:\/\/www.sincomam.org.br\/index.php\/firjan-apresenta-propostas-para-aumentar-a-competitividade-dos-portos\/","title":{"rendered":"Firjan apresenta propostas para aumentar a competitividade dos portos"},"content":{"rendered":"<p>Duplicar o canal de acesso ao complexo portu\u00e1rio da Ba\u00eda de Sepetiba \u00ad\u2013 o principal gargalo do Porto de Itagua\u00ed \u2013 e aprofundar o acesso aos portos do Rio de Janeiro e de Niter\u00f3i\/S\u00e3o Gon\u00e7alo para permitir atraca\u00e7\u00e3o de embarca\u00e7\u00f5es maiores. Essas s\u00e3o duas das medidas listadas pelo Sistema Firjan como fundamentais para ampliar a atividade dos terminais fluminenses e dar mais efic\u00e1cia \u00e0 sua opera\u00e7\u00e3o.<\/p>\n<p>Essas medidas n\u00e3o est\u00e3o contempladas no Programa de Investimento em Log\u00edstica. O ministro-chefe da Secretaria de Portos, Edinho Ara\u00fajo, esteve na sede da Firjan (Federa\u00e7\u00e3o das Ind\u00fastrias do Estado do Rio de Janeiro) na manh\u00e3 desta quinta-feira, 25 de junho, para detalhar o programa. Vice-presidente do Sistema FIRJAN, Carlos Fernando Gross entregou as propostas ao ministro.<\/p>\n<p>Sobre o risco de esgotamento do complexo portu\u00e1rio de Sepetiba, Gross destacou que \u201ca consequ\u00eancia ser\u00e1 a fuga de clientes para portos de outros estados, o que congestionar\u00e1 outros terminais, e levar\u00e1 \u00e0 perda de receita, de arrecada\u00e7\u00e3o de impostos, e de empregos do Rio\u201d.<\/p>\n<p>Em sua apresenta\u00e7\u00e3o na Firjan, o ministro detalhou os investimentos de R$ 34,7 bilh\u00f5es, exclusivos para os portos, anunciados no Programa de Investimento em Log\u00edstica, em 9 de junho. O Rio de Janeiro receber\u00e1 R$ 10,7 bilh\u00f5es desse montante. O ministro destacou a concess\u00e3o de 17 novos TUP (Terminais de Uso Privado).<\/p>\n<p>\u201cTemos que poder retomar o crescimento do pa\u00eds. E o setor portu\u00e1rio \u00e9 capaz, com a ajuda da iniciativa privada, a impulsionar o crescimento\u201d, concluiu o ministro.<\/p>\n<p>Fonte: Portal Naval<\/p>\n","protected":false},"excerpt":{"rendered":"<p>Duplicar o canal de acesso ao complexo portu\u00e1rio da Ba\u00eda de Sepetiba \u00ad\u2013 o principal gargalo do Porto de Itagua\u00ed \u2013 e aprofundar o acesso&#8230;<\/p>\n","protected":false},"author":1182,"featured_media":0,"comment_status":"closed","ping_status":"closed","sticky":false,"template":"","format":"standard","meta":{"footnotes":""},"categories":[6],"tags":[],"class_list":["post-13096","post","type-post","status-publish","format-standard","hentry","category-noticias"],"_links":{"self":[{"href":"https:\/\/www.sincomam.org.br\/index.php\/wp-json\/wp\/v2\/posts\/13096","targetHints":{"allow":["GET"]}}],"collection":[{"href":"https:\/\/www.sincomam.org.br\/index.php\/wp-json\/wp\/v2\/posts"}],"about":[{"href":"https:\/\/www.sincomam.org.br\/index.php\/wp-json\/wp\/v2\/types\/post"}],"author":[{"embeddable":true,"href":"https:\/\/www.sincomam.org.br\/index.php\/wp-json\/wp\/v2\/users\/1182"}],"replies":[{"embeddable":true,"href":"https:\/\/www.sincomam.org.br\/index.php\/wp-json\/wp\/v2\/comments?post=13096"}],"version-history":[{"count":1,"href":"https:\/\/www.sincomam.org.br\/index.php\/wp-json\/wp\/v2\/posts\/13096\/revisions"}],"predecessor-version":[{"id":13097,"href":"https:\/\/www.sincomam.org.br\/index.php\/wp-json\/wp\/v2\/posts\/13096\/revisions\/13097"}],"wp:attachment":[{"href":"https:\/\/www.sincomam.org.br\/index.php\/wp-json\/wp\/v2\/media?parent=13096"}],"wp:term":[{"taxonomy":"category","embeddable":true,"href":"https:\/\/www.sincomam.org.br\/index.php\/wp-json\/wp\/v2\/categories?post=13096"},{"taxonomy":"post_tag","embeddable":true,"href":"https:\/\/www.sincomam.org.br\/index.php\/wp-json\/wp\/v2\/tags?post=13096"}],"curies":[{"name":"wp","href":"https:\/\/api.w.org\/{rel}","templated":true}]}}