{"id":13072,"date":"2015-06-26T11:08:25","date_gmt":"2015-06-26T14:08:25","guid":{"rendered":"http:\/\/www.sincomam.org.br\/?p=13072"},"modified":"2015-06-26T11:08:25","modified_gmt":"2015-06-26T14:08:25","slug":"dilma-pretende-criar-fator-progressivo-na-aposentadoria","status":"publish","type":"post","link":"https:\/\/www.sincomam.org.br\/index.php\/dilma-pretende-criar-fator-progressivo-na-aposentadoria\/","title":{"rendered":"Dilma pretende criar fator progressivo na aposentadoria"},"content":{"rendered":"<p><strong><em>Em vez da f\u00f3rmula 85\/95, j\u00e1 aprovada pelo Congresso, o Governo pretende criar fator progressivo. Prazo para veto ou aprova\u00e7\u00e3o da f\u00f3rmula 85\/95 se encerra na quarta-feira<\/em><\/strong><\/p>\n<p>O Governo tem at\u00e9 a pr\u00f3xima quarta-feira para vetar ou sancionar a f\u00f3rmula 85\/95, que modifica o sistema de aposentadoria no Pa\u00eds. A f\u00f3rmula est\u00e1 inclu\u00edda na medida provis\u00f3ria 664, que muda regras da pens\u00e3o e do aux\u00edlio-doen\u00e7a do INSS, e j\u00e1 foi aprovada pelo Congresso Nacional.<\/p>\n<p>Seis minist\u00e9rios est\u00e3o debru\u00e7ados no ajuste desta nova f\u00f3rmula, que ser\u00e1 entregue amanh\u00e3 a presidente Dilma Rousseff (PT).\u00a0 Ela consiste no aumento da idade e tempo de contribui\u00e7\u00e3o, seguindo a expectativa de vida divulgada anualmente pelo IBGE. Em vez de 85\/95, ela pode ser 87\/97, com ajustes a cada dois anos.<\/p>\n<p>Segundo informa\u00e7\u00f5es \u00e0 imprensa, a presidente Dilma Rousseff considera vi\u00e1vel essa altera\u00e7\u00e3o na f\u00f3rmula 85\/95 para um fator progressivo, que elevaria ano a ano a combina\u00e7\u00e3o de idade e tempo de contribui\u00e7\u00e3o para o segurado do INSS ter direito \u00e0 aposentadoria integral, sem ser afetado pelo fato previdenci\u00e1rio.<\/p>\n<p>\u201cN\u00e3o falo (sobre veto). A proposta de 85\/95\u00a0 causa problemas para a Previd\u00eancia e precisa ser alterada. A proposta de ser progressiva \u00e9 vi\u00e1vel. Mas ainda estamos estudando. Tem de ter mudan\u00e7as\u201d, disse a presidente Dilma.<\/p>\n<p>Segundo a proposta 85\/95, que est\u00e1 aprovada pelo Congresso Nacional, o tempo de contribui\u00e7\u00e3o ao INSS ser\u00e1 somado \u00e0 idade do contribuinte. Ao chegar ao total de 85 anos (mulheres) ou 95 anos (homens), o aposentado receber\u00e1 o sal\u00e1rio integral, respeitado o teto da Previd\u00eancia, sem nenhum desconto. A expectativa \u00e9 que, com o c\u00e1lculo 85\/95, haja aumento m\u00e9dio de 20% nas aposentadorias.<\/p>\n<p><strong>Como \u00e9 hoje<\/strong><\/p>\n<p>A regra atual estabelece que a aposentadoria dos contribuintes do INSS seja feita de acordo com a combina\u00e7\u00e3o de dois crit\u00e9rios.<\/p>\n<p>Um deles \u00e9 a idade m\u00ednima (65 anos para homens e 60 anos para mulheres; e 60 anos para homens e 55 anos para mulheres que exercem trabalho rural) e o outro o tempo de contribui\u00e7\u00e3o (35 anos para homens, 30 anos para mulheres).<\/p>\n<p>Entretanto, existe o fator previdenci\u00e1rio que \u00e9 aplicado nas aposentadorias precoces. Ele reduz em at\u00e9 40% o valor do benef\u00edcio e s\u00f3 \u00e9 integral para quem tem mais de 35 anos de contribui\u00e7\u00e3o ao INSS e, ao menos, 61 anos de idade.<\/p>\n<p>Cobap diz que Governo esconde informa\u00e7\u00f5es sobre\u00a0 Previd\u00eancia Social<\/p>\n<p>Em meio \u00e0 expectativa sobre a aprova\u00e7\u00e3o da nova aposentadoria ou seu veto pela presidente Dilma, a Confedera\u00e7\u00e3o Brasileira de Aposentados (Cobap) est\u00e1 acusando o Governo de omitir informa\u00e7\u00f5es a respeito da Previd\u00eancia Social.<\/p>\n<p>\u201cSe n\u00e3o bastasse a enxurrada de medidas danosas aprovadas recentemente contra os trabalhadores e os aposentados e pensionistas (MPs 664 e 665), o esc\u00e2ndalo da desonera\u00e7\u00e3o da folha, os desvios de recursos da Seguridade Social para encher os bolsos dos bancos e das grandes empresas, o governo, atrav\u00e9s do Minist\u00e9rio da Previd\u00eancia Social, adotou mais uma pr\u00e1tica perniciosa e covarde ao omitir as informa\u00e7\u00f5es sobre o balan\u00e7o financeiro do INSS\u201d, diz a dire\u00e7\u00e3o da Cobap.<\/p>\n<p>A entidade informa que o instrumento estat\u00edstico capaz de analisar a situa\u00e7\u00e3o financeira da Previd\u00eancia Social \u00e9 o Fluxo de Caixa do INSS. Esse Fluxo fornece todas as receitas e todas as despesas da Previd\u00eancia. Portanto \u00e9 o retrato completo do que \u00e9 arrecadado e do que \u00e9 gasto. \u201cEntretanto, o Minist\u00e9rio da Previd\u00eancia Social vem agindo de m\u00e1 f\u00e9 ao n\u00e3o divulgar os dados\u201d, diz a nota da entidade de aposentados.<\/p>\n<p>Acrescenta que essa atitude visa esconder para o movimento nacional dos aposentados e pensionistas e tamb\u00e9m para toda a popula\u00e7\u00e3o brasileira a verdade dos n\u00fameros, de que a Previd\u00eancia \u00e9 superavit\u00e1ria e n\u00e3o deficit\u00e1ria como o governo sempre divulga de forma mentirosa.<\/p>\n<p>E conclui: \u201ca COBAP, que sempre defendeu a integridade da Previd\u00eancia Social e sempre denunciou os desmandos com o dinheiro dos trabalhadores e dos aposentados e pensionistas, est\u00e1 profundamente escandalizada com esse tipo de manobra\u201d.<\/p>\n<p>Fonte: Jornal DL<\/p>\n","protected":false},"excerpt":{"rendered":"<p>Em vez da f\u00f3rmula 85\/95, j\u00e1 aprovada pelo Congresso, o Governo pretende criar fator progressivo. Prazo para veto ou aprova\u00e7\u00e3o da f\u00f3rmula 85\/95 se encerra&#8230;<\/p>\n","protected":false},"author":1182,"featured_media":5747,"comment_status":"closed","ping_status":"closed","sticky":false,"template":"","format":"standard","meta":{"footnotes":""},"categories":[6],"tags":[],"class_list":["post-13072","post","type-post","status-publish","format-standard","has-post-thumbnail","hentry","category-noticias"],"_links":{"self":[{"href":"https:\/\/www.sincomam.org.br\/index.php\/wp-json\/wp\/v2\/posts\/13072","targetHints":{"allow":["GET"]}}],"collection":[{"href":"https:\/\/www.sincomam.org.br\/index.php\/wp-json\/wp\/v2\/posts"}],"about":[{"href":"https:\/\/www.sincomam.org.br\/index.php\/wp-json\/wp\/v2\/types\/post"}],"author":[{"embeddable":true,"href":"https:\/\/www.sincomam.org.br\/index.php\/wp-json\/wp\/v2\/users\/1182"}],"replies":[{"embeddable":true,"href":"https:\/\/www.sincomam.org.br\/index.php\/wp-json\/wp\/v2\/comments?post=13072"}],"version-history":[{"count":1,"href":"https:\/\/www.sincomam.org.br\/index.php\/wp-json\/wp\/v2\/posts\/13072\/revisions"}],"predecessor-version":[{"id":13073,"href":"https:\/\/www.sincomam.org.br\/index.php\/wp-json\/wp\/v2\/posts\/13072\/revisions\/13073"}],"wp:featuredmedia":[{"embeddable":true,"href":"https:\/\/www.sincomam.org.br\/index.php\/wp-json\/wp\/v2\/media\/5747"}],"wp:attachment":[{"href":"https:\/\/www.sincomam.org.br\/index.php\/wp-json\/wp\/v2\/media?parent=13072"}],"wp:term":[{"taxonomy":"category","embeddable":true,"href":"https:\/\/www.sincomam.org.br\/index.php\/wp-json\/wp\/v2\/categories?post=13072"},{"taxonomy":"post_tag","embeddable":true,"href":"https:\/\/www.sincomam.org.br\/index.php\/wp-json\/wp\/v2\/tags?post=13072"}],"curies":[{"name":"wp","href":"https:\/\/api.w.org\/{rel}","templated":true}]}}