{"id":13069,"date":"2015-06-26T10:50:32","date_gmt":"2015-06-26T13:50:32","guid":{"rendered":"http:\/\/www.sincomam.org.br\/?p=13069"},"modified":"2015-06-26T10:50:32","modified_gmt":"2015-06-26T13:50:32","slug":"novos-portos-em-barra-do-riacho-vao-ampliar-a-movimentacao-de-cargas-no-estado","status":"publish","type":"post","link":"https:\/\/www.sincomam.org.br\/index.php\/novos-portos-em-barra-do-riacho-vao-ampliar-a-movimentacao-de-cargas-no-estado\/","title":{"rendered":"Novos portos em Barra do Riacho v\u00e3o ampliar a movimenta\u00e7\u00e3o de cargas no Estado"},"content":{"rendered":"<p>A regi\u00e3o de Barra do Riacho, em Aracruz, vai poder contar com a cria\u00e7\u00e3o de um novo porto e a amplia\u00e7\u00e3o de um terminal de Portocel que j\u00e1 existe no munic\u00edpio. A amplia\u00e7\u00e3o do complexo portu\u00e1rio ser\u00e1 permitida gra\u00e7as \u00e0 publica\u00e7\u00e3o do Decreto do Governo Federal que altera as regras sobre a nova poligonal dos portos existentes no pa\u00eds.<\/p>\n<p>De acordo com a subsecret\u00e1ria de Com\u00e9rcio Exterior e Rela\u00e7\u00f5es Internacionais do Estado, Mayhara Chaves, a mudan\u00e7a vai permitir a amplia\u00e7\u00e3o da movimenta\u00e7\u00e3o de cargas no Esp\u00edrito Santo e ainda oferecer um desenvolvimento econ\u00f4mico da regi\u00e3o.<\/p>\n<p>Ela explicou que antes do decreto, o Portocel n\u00e3o podia ampliar seu espa\u00e7o e agora as obras para aumentar a \u00e1rea poder\u00e1 ser feita pela empresa privada que administra o terminal. Al\u00e9m disso, o Grupo Imetame, que \u00e9 de Aracruz, vai poder construir seu novo porto, o que vai facilitar a movimenta\u00e7\u00e3o do setor de metalmec\u00e2nica e empresas de plataformas de petr\u00f3leo.<\/p>\n<p>&#8220;A empresa precisava levar o material at\u00e9 as plataformas e para isso precisava de um terminal portu\u00e1rio para poder entreg\u00e1-lo ao seu contratante&#8221;, explicou.<\/p>\n<p>A previs\u00e3o \u00e9 que as obras desse novo terminal sejam iniciadas no ano que vem e da amplia\u00e7\u00e3o do Portocel at\u00e9 2017. Mayara explicou que com a amplia\u00e7\u00e3o do Portocel, que \u00e9 especializado em celulose, poder\u00e1 movimentar tamb\u00e9m cargas em geral, inclusive receber navios de grande porte que n\u00e3o podem atracar no Porto do Vit\u00f3ria.<\/p>\n<p>&#8220;\u00c9 um desenvolvimento para a regi\u00e3o norte. Aracruz se tornou um importante polo portu\u00e1rio. O terminal Imetame j\u00e1 tem a licen\u00e7a de instala\u00e7\u00e3o concedida pelo Governo do Estado. A expectativa \u00e9 de que o investimento seja da ordem de R$ 300 milh\u00f5es e gere aproximadamente 900 empregos na regi\u00e3o.<\/p>\n<p>Fonte: Folha Vit\u00f3ria<\/p>\n","protected":false},"excerpt":{"rendered":"<p>A regi\u00e3o de Barra do Riacho, em Aracruz, vai poder contar com a cria\u00e7\u00e3o de um novo porto e a amplia\u00e7\u00e3o de um terminal de&#8230;<\/p>\n","protected":false},"author":1182,"featured_media":10689,"comment_status":"closed","ping_status":"closed","sticky":false,"template":"","format":"standard","meta":{"footnotes":""},"categories":[6],"tags":[],"class_list":["post-13069","post","type-post","status-publish","format-standard","has-post-thumbnail","hentry","category-noticias"],"_links":{"self":[{"href":"https:\/\/www.sincomam.org.br\/index.php\/wp-json\/wp\/v2\/posts\/13069","targetHints":{"allow":["GET"]}}],"collection":[{"href":"https:\/\/www.sincomam.org.br\/index.php\/wp-json\/wp\/v2\/posts"}],"about":[{"href":"https:\/\/www.sincomam.org.br\/index.php\/wp-json\/wp\/v2\/types\/post"}],"author":[{"embeddable":true,"href":"https:\/\/www.sincomam.org.br\/index.php\/wp-json\/wp\/v2\/users\/1182"}],"replies":[{"embeddable":true,"href":"https:\/\/www.sincomam.org.br\/index.php\/wp-json\/wp\/v2\/comments?post=13069"}],"version-history":[{"count":1,"href":"https:\/\/www.sincomam.org.br\/index.php\/wp-json\/wp\/v2\/posts\/13069\/revisions"}],"predecessor-version":[{"id":13070,"href":"https:\/\/www.sincomam.org.br\/index.php\/wp-json\/wp\/v2\/posts\/13069\/revisions\/13070"}],"wp:featuredmedia":[{"embeddable":true,"href":"https:\/\/www.sincomam.org.br\/index.php\/wp-json\/wp\/v2\/media\/10689"}],"wp:attachment":[{"href":"https:\/\/www.sincomam.org.br\/index.php\/wp-json\/wp\/v2\/media?parent=13069"}],"wp:term":[{"taxonomy":"category","embeddable":true,"href":"https:\/\/www.sincomam.org.br\/index.php\/wp-json\/wp\/v2\/categories?post=13069"},{"taxonomy":"post_tag","embeddable":true,"href":"https:\/\/www.sincomam.org.br\/index.php\/wp-json\/wp\/v2\/tags?post=13069"}],"curies":[{"name":"wp","href":"https:\/\/api.w.org\/{rel}","templated":true}]}}