{"id":13065,"date":"2015-06-26T10:44:11","date_gmt":"2015-06-26T13:44:11","guid":{"rendered":"http:\/\/www.sincomam.org.br\/?p=13065"},"modified":"2015-06-26T10:44:11","modified_gmt":"2015-06-26T13:44:11","slug":"sep-e-trabalhadores-fecham-acordo-salarial-para-sete-docas","status":"publish","type":"post","link":"https:\/\/www.sincomam.org.br\/index.php\/sep-e-trabalhadores-fecham-acordo-salarial-para-sete-docas\/","title":{"rendered":"SEP e trabalhadores fecham acordo salarial para sete Docas"},"content":{"rendered":"<p><strong><em>Segundo o ministro-chefe da Secretaria de Portos, Edinho Ara\u00fajo, o acordo \u00e9 v\u00e1lido por dois anos<\/em><\/strong><\/p>\n<p>A Secretaria de Portos, a Federa\u00e7\u00e3o Nacional dos Portu\u00e1rios e v\u00e1rios sindicatos de trabalhadores de portos assinaram um acordo salarial que pela primeira vez abrange todas as sete empresas portu\u00e1rias federais \u2013 Companhias Docas \u2013 que administram portos no Brasil.<\/p>\n<p>Segundo o ministro-chefe da Secretaria de Portos, Edinho Ara\u00fajo, o acordo \u00e9 v\u00e1lido por dois anos e tem como base definida que o reajuste de 2015, retroativo \u00e0 data-Base de 1\u00ba de junho, ser\u00e1 equivalente ao percentual do IPCA acumulado em 12 meses. O reajuste de 2016 ser\u00e1 de 2% em 1\u00ba de janeiro e eventual recomposi\u00e7\u00e3o referente \u00e0 infla\u00e7\u00e3o acumulada no per\u00edodo em 1\u00ba de junho de 2016. \u201cEstas bases ser\u00e3o v\u00e1lidas para as sete Docas Federais e ficam vigentes as demais cl\u00e1usulas dos acordos anteriormente assinados\u201d, explicou o ministro.<\/p>\n<p>Al\u00e9m do fechamento do acordo salarial, o ministro Edinho Ara\u00fajo confirmou aos trabalhadores a libera\u00e7\u00e3o da primeira parcela, no valor de R$ 20 milh\u00f5es, como aporte ao PORTUS (fundo de pens\u00e3o dos portu\u00e1rios, sob interven\u00e7\u00e3o), com o objetivo de manter o equil\u00edbrio do fluxo de caixa e o pagamento dos benef\u00edcios dos portu\u00e1rios assistidos.<\/p>\n<p>Ao todo, o fundo receber\u00e1 aporte de R$ 333 milh\u00f5es, por for\u00e7a da Lei de Cr\u00e9dito Suplementar assinada em 30 de dezembro de 2014, valor inscrito no Or\u00e7amento da Uni\u00e3o em 31 de dezembro de 2014.<\/p>\n<p>Portos e Navios<\/p>\n","protected":false},"excerpt":{"rendered":"<p>Segundo o ministro-chefe da Secretaria de Portos, Edinho Ara\u00fajo, o acordo \u00e9 v\u00e1lido por dois anos A Secretaria de Portos, a Federa\u00e7\u00e3o Nacional dos Portu\u00e1rios&#8230;<\/p>\n","protected":false},"author":1182,"featured_media":8125,"comment_status":"closed","ping_status":"closed","sticky":false,"template":"","format":"standard","meta":{"footnotes":""},"categories":[6],"tags":[],"class_list":["post-13065","post","type-post","status-publish","format-standard","has-post-thumbnail","hentry","category-noticias"],"_links":{"self":[{"href":"https:\/\/www.sincomam.org.br\/index.php\/wp-json\/wp\/v2\/posts\/13065","targetHints":{"allow":["GET"]}}],"collection":[{"href":"https:\/\/www.sincomam.org.br\/index.php\/wp-json\/wp\/v2\/posts"}],"about":[{"href":"https:\/\/www.sincomam.org.br\/index.php\/wp-json\/wp\/v2\/types\/post"}],"author":[{"embeddable":true,"href":"https:\/\/www.sincomam.org.br\/index.php\/wp-json\/wp\/v2\/users\/1182"}],"replies":[{"embeddable":true,"href":"https:\/\/www.sincomam.org.br\/index.php\/wp-json\/wp\/v2\/comments?post=13065"}],"version-history":[{"count":1,"href":"https:\/\/www.sincomam.org.br\/index.php\/wp-json\/wp\/v2\/posts\/13065\/revisions"}],"predecessor-version":[{"id":13066,"href":"https:\/\/www.sincomam.org.br\/index.php\/wp-json\/wp\/v2\/posts\/13065\/revisions\/13066"}],"wp:featuredmedia":[{"embeddable":true,"href":"https:\/\/www.sincomam.org.br\/index.php\/wp-json\/wp\/v2\/media\/8125"}],"wp:attachment":[{"href":"https:\/\/www.sincomam.org.br\/index.php\/wp-json\/wp\/v2\/media?parent=13065"}],"wp:term":[{"taxonomy":"category","embeddable":true,"href":"https:\/\/www.sincomam.org.br\/index.php\/wp-json\/wp\/v2\/categories?post=13065"},{"taxonomy":"post_tag","embeddable":true,"href":"https:\/\/www.sincomam.org.br\/index.php\/wp-json\/wp\/v2\/tags?post=13065"}],"curies":[{"name":"wp","href":"https:\/\/api.w.org\/{rel}","templated":true}]}}