{"id":13063,"date":"2015-06-26T10:41:38","date_gmt":"2015-06-26T13:41:38","guid":{"rendered":"http:\/\/www.sincomam.org.br\/?p=13063"},"modified":"2015-06-26T10:41:38","modified_gmt":"2015-06-26T13:41:38","slug":"firjan-pede-inclusao-de-projetos-para-melhorias-de-acessos-portuarios-no-pil-2015","status":"publish","type":"post","link":"https:\/\/www.sincomam.org.br\/index.php\/firjan-pede-inclusao-de-projetos-para-melhorias-de-acessos-portuarios-no-pil-2015\/","title":{"rendered":"Firjan pede inclus\u00e3o de projetos para melhorias de acessos portu\u00e1rios no PIL 2015"},"content":{"rendered":"<p>A Federa\u00e7\u00e3o das Ind\u00fastrias do Estado do Rio de Janeiro (Firjan) solicitou a inclus\u00e3o de projetos de duplica\u00e7\u00e3o do canal de acesso ao complexo portu\u00e1rio da Ba\u00eda de Sepetiba e de aprofundamento do acesso aos portos do Rio de Janeiro e de Niter\u00f3i\/S\u00e3o Gon\u00e7alo no Programa de Investimentos em Log\u00edstica (PIL 2015). Nesta quinta-feira (25), a entidade entregou ao ministro-chefe da Secretaria de Portos (SEP) uma lista de medidas n\u00e3o contempladas no plano e que permitiriam a atraca\u00e7\u00e3o de embarca\u00e7\u00f5es maiores nos portos fluminenses, al\u00e9m de melhorar a efici\u00eancia das opera\u00e7\u00f5es portu\u00e1rias.<\/p>\n<p>O vice-presidente do sistema Firjan, Carlos Fernando Gross, alertou sobre o risco de esgotamento do complexo portu\u00e1rio de Sepetiba. \u201cA consequ\u00eancia ser\u00e1 a fuga de clientes para portos de outros estados, o que congestionar\u00e1 outros terminais, e levar\u00e1 \u00e0 perda de receita, de arrecada\u00e7\u00e3o de impostos, e de empregos do Rio\u201d, argumentou Gross. Em apresenta\u00e7\u00e3o na sede Firjan, o ministro detalhou os investimentos de R$ 34,7 bilh\u00f5es destinados ao setor portu\u00e1rio anunciados no PIL 201, dos quais o Rio de Janeiro receber\u00e1 R$ 10,7 bilh\u00f5es.<\/p>\n<p>O ministro destacou a concess\u00e3o de 17 novos terminais de uso privado (TUP), com investimentos previstos de R$ 7,3 bilh\u00f5es, al\u00e9m de quatro pedidos de renova\u00e7\u00f5es de arrendamentos (R$ 3,2 bilh\u00f5es) e um novo arrendamento, no valor de R$ 62,7 milh\u00f5es. \u201cTemos que poder retomar o crescimento do pa\u00eds. E o setor portu\u00e1rio \u00e9 capaz, com a ajuda da iniciativa privada, a impulsionar o crescimento\u201d, afirmou Ara\u00fajo.<\/p>\n<p>Fonte: Portos e Navios \/ Danilo Oliveira<\/p>\n","protected":false},"excerpt":{"rendered":"<p>A Federa\u00e7\u00e3o das Ind\u00fastrias do Estado do Rio de Janeiro (Firjan) solicitou a inclus\u00e3o de projetos de duplica\u00e7\u00e3o do canal de acesso ao complexo portu\u00e1rio&#8230;<\/p>\n","protected":false},"author":1182,"featured_media":286,"comment_status":"closed","ping_status":"closed","sticky":false,"template":"","format":"standard","meta":{"footnotes":""},"categories":[6],"tags":[],"class_list":["post-13063","post","type-post","status-publish","format-standard","has-post-thumbnail","hentry","category-noticias"],"_links":{"self":[{"href":"https:\/\/www.sincomam.org.br\/index.php\/wp-json\/wp\/v2\/posts\/13063","targetHints":{"allow":["GET"]}}],"collection":[{"href":"https:\/\/www.sincomam.org.br\/index.php\/wp-json\/wp\/v2\/posts"}],"about":[{"href":"https:\/\/www.sincomam.org.br\/index.php\/wp-json\/wp\/v2\/types\/post"}],"author":[{"embeddable":true,"href":"https:\/\/www.sincomam.org.br\/index.php\/wp-json\/wp\/v2\/users\/1182"}],"replies":[{"embeddable":true,"href":"https:\/\/www.sincomam.org.br\/index.php\/wp-json\/wp\/v2\/comments?post=13063"}],"version-history":[{"count":1,"href":"https:\/\/www.sincomam.org.br\/index.php\/wp-json\/wp\/v2\/posts\/13063\/revisions"}],"predecessor-version":[{"id":13064,"href":"https:\/\/www.sincomam.org.br\/index.php\/wp-json\/wp\/v2\/posts\/13063\/revisions\/13064"}],"wp:featuredmedia":[{"embeddable":true,"href":"https:\/\/www.sincomam.org.br\/index.php\/wp-json\/wp\/v2\/media\/286"}],"wp:attachment":[{"href":"https:\/\/www.sincomam.org.br\/index.php\/wp-json\/wp\/v2\/media?parent=13063"}],"wp:term":[{"taxonomy":"category","embeddable":true,"href":"https:\/\/www.sincomam.org.br\/index.php\/wp-json\/wp\/v2\/categories?post=13063"},{"taxonomy":"post_tag","embeddable":true,"href":"https:\/\/www.sincomam.org.br\/index.php\/wp-json\/wp\/v2\/tags?post=13063"}],"curies":[{"name":"wp","href":"https:\/\/api.w.org\/{rel}","templated":true}]}}