{"id":13050,"date":"2015-06-25T10:33:17","date_gmt":"2015-06-25T13:33:17","guid":{"rendered":"http:\/\/www.sincomam.org.br\/?p=13050"},"modified":"2015-06-25T10:33:17","modified_gmt":"2015-06-25T13:33:17","slug":"abimaq-corte-de-40-na-petrobras-deve-provocar-queda-de-15-na-demanda","status":"publish","type":"post","link":"https:\/\/www.sincomam.org.br\/index.php\/abimaq-corte-de-40-na-petrobras-deve-provocar-queda-de-15-na-demanda\/","title":{"rendered":"ABIMAQ: corte de 40% na Petrobras deve provocar queda de 15% na demanda"},"content":{"rendered":"<p>O corte de 40% que deve ser anunciado nos pr\u00f3ximos dias pela Petrobras em seu plano de investimentos para o per\u00edodo de 2015 a 2019 deve provocar uma queda m\u00e9dia de 15% na demanda da ind\u00fastria de transforma\u00e7\u00e3o no Pa\u00eds, no per\u00edodo. O c\u00e1lculo \u00e9 do diretor de competitividade da Associa\u00e7\u00e3o Brasileira da Ind\u00fastria de M\u00e1quinas e Equipamentos (Abimaq), M\u00e1rio Bernardini. Segundo ele, isso deve provocar uma queda de mais de 2 pontos porcentuais do PIB do Brasil ao longo dos pr\u00f3ximos quatro anos.<\/p>\n<p>Durante coletiva de imprensa para apresentar os dados do setor de m\u00e1quinas de maio, o executivo explicou que o c\u00e1lculo leva em conta que a Petrobras responde por mais de 30% dos investimentos da ind\u00fastria e por 10% da Forma\u00e7\u00e3o Bruta de Capital Fixo (FBCF), ou seja, do investimento como um todo feito no Pa\u00eds. &#8220;Se ela corta 40% de seus investimentos, sua participa\u00e7\u00e3o na FBCF cair\u00e1 para 6%. Como a FBCF representa 20% do PIB, s\u00f3 a Petrobras vai tirar mais de 2 pontos porcentuais da economia brasileira ao longo dos pr\u00f3ximos anos&#8221;, disse.<\/p>\n<p>Apesar dos n\u00fameros serem negativos para o setor, o diretor de competitividade da Abimaq avaliou que o plano que deve ser divulgado, conforme antecipado pelo Broadcast, servi\u00e7o de not\u00edcias em tempo real da Ag\u00eancia Estado, \u00e9 &#8220;mais coerente com a realidade&#8221; da empresa e da economia brasileira como um todo. O executivo prev\u00ea que &#8220;o mais prov\u00e1vel&#8221; \u00e9 que o corte de investimentos seja maior do que 40%, atingindo at\u00e9 50%. &#8220;Provavelmente, no come\u00e7o o corte sentido pela ind\u00fastria vai ser pior&#8221;, comentou.<\/p>\n<p>Fonte: Di\u00e1rio do Grande ABC\/Estad\u00e3o Conte\u00fado<\/p>\n","protected":false},"excerpt":{"rendered":"<p>O corte de 40% que deve ser anunciado nos pr\u00f3ximos dias pela Petrobras em seu plano de investimentos para o per\u00edodo de 2015 a 2019&#8230;<\/p>\n","protected":false},"author":1182,"featured_media":0,"comment_status":"closed","ping_status":"closed","sticky":false,"template":"","format":"standard","meta":{"footnotes":""},"categories":[6],"tags":[],"class_list":["post-13050","post","type-post","status-publish","format-standard","hentry","category-noticias"],"_links":{"self":[{"href":"https:\/\/www.sincomam.org.br\/index.php\/wp-json\/wp\/v2\/posts\/13050","targetHints":{"allow":["GET"]}}],"collection":[{"href":"https:\/\/www.sincomam.org.br\/index.php\/wp-json\/wp\/v2\/posts"}],"about":[{"href":"https:\/\/www.sincomam.org.br\/index.php\/wp-json\/wp\/v2\/types\/post"}],"author":[{"embeddable":true,"href":"https:\/\/www.sincomam.org.br\/index.php\/wp-json\/wp\/v2\/users\/1182"}],"replies":[{"embeddable":true,"href":"https:\/\/www.sincomam.org.br\/index.php\/wp-json\/wp\/v2\/comments?post=13050"}],"version-history":[{"count":1,"href":"https:\/\/www.sincomam.org.br\/index.php\/wp-json\/wp\/v2\/posts\/13050\/revisions"}],"predecessor-version":[{"id":13051,"href":"https:\/\/www.sincomam.org.br\/index.php\/wp-json\/wp\/v2\/posts\/13050\/revisions\/13051"}],"wp:attachment":[{"href":"https:\/\/www.sincomam.org.br\/index.php\/wp-json\/wp\/v2\/media?parent=13050"}],"wp:term":[{"taxonomy":"category","embeddable":true,"href":"https:\/\/www.sincomam.org.br\/index.php\/wp-json\/wp\/v2\/categories?post=13050"},{"taxonomy":"post_tag","embeddable":true,"href":"https:\/\/www.sincomam.org.br\/index.php\/wp-json\/wp\/v2\/tags?post=13050"}],"curies":[{"name":"wp","href":"https:\/\/api.w.org\/{rel}","templated":true}]}}