{"id":13042,"date":"2015-06-25T10:24:43","date_gmt":"2015-06-25T13:24:43","guid":{"rendered":"http:\/\/www.sincomam.org.br\/?p=13042"},"modified":"2015-06-25T10:24:43","modified_gmt":"2015-06-25T13:24:43","slug":"sob-ameaca-de-greve-governo-faz-acordo-historico-com-portuarios","status":"publish","type":"post","link":"https:\/\/www.sincomam.org.br\/index.php\/sob-ameaca-de-greve-governo-faz-acordo-historico-com-portuarios\/","title":{"rendered":"Sob amea\u00e7a de greve, Governo faz acordo hist\u00f3rico com portu\u00e1rios"},"content":{"rendered":"<p>Ap\u00f3s horas de negocia\u00e7\u00e3o, a Secretaria de Portos (SEP), a Federa\u00e7\u00e3o Nacional dos Portu\u00e1rios e sindicatos de trabalhadores portu\u00e1rios assinaram na noite de ontem, ter\u00e7a-feira, um acordo salarial hist\u00f3rico, que pela primeira vez abrange as sete companhias docas &#8211; as estatais portu\u00e1rias federais que administram os portos p\u00fablicos localmente.<\/p>\n<p>Trabalhadores das empresas, como os 1.440 empregados da Companhia Docas do Estado de S\u00e3o Paulo (Codesp), que administra o porto de Santos, o maior do pa\u00eds, amea\u00e7avam cruzar os bra\u00e7os devido a propostas de reajuste salarial abaixo da infla\u00e7\u00e3o.<\/p>\n<p>O acordo costurado pela SEP prev\u00ea reajuste em 2015 retroativo \u00e0 data-base de 1\u00ba de junho, equivalente ao percentual do IPCA acumulado em 12 meses. O reajuste de 2016 ser\u00e1 de 2% em 1\u00ba de janeiro e eventual recomposi\u00e7\u00e3o referente \u00e0 infla\u00e7\u00e3o acumulada no per\u00edodo em 1\u00ba de junho de 2016. O acordo \u00e9 v\u00e1lido por dois anos.<\/p>\n<p>\u201cAs bases ser\u00e3o v\u00e1lidas para as sete docas federais e ficam vigentes as demais cl\u00e1usulas dos acordos anteriormente assinados\u201d, disse o ministro dos Portos Edinho Ara\u00fajo.<\/p>\n<p>\u201cVamos observar o cen\u00e1rio, apostando na melhoria do desempenho econ\u00f4mico e na redu\u00e7\u00e3o da infla\u00e7\u00e3o, ficando claro que os trabalhadores n\u00e3o ter\u00e3o preju\u00edzos. Desde a era Portobr\u00e1s [estatal federal respons\u00e1vel pelo planejamento dos portos] n\u00e3o se assinava um acordo semelhante\u201d, disse Eduardo Guterra, presidente da Federa\u00e7\u00e3o Nacional dos Portur\u00e1rios.<\/p>\n<p>Segundo Guterra, haver\u00e1 assembleias amanh\u00e3 e sexta-feira em Vit\u00f3ria, Rio e Santos e demais portos. \u201cMas a orienta\u00e7\u00e3o que demos, aprovada pelos sindicatos presentes, \u00e9 suspender as paralisa\u00e7\u00f5es e tratar de assinar os acordos coletivos conforme ficou acertado na reuni\u00e3o de ontem\u201d.<\/p>\n<p>Tamb\u00e9m ontem \u00e0 noite, o ministro Edinho Ara\u00fajo confirmou aos trabalhadores a libera\u00e7\u00e3o de R$ 20 milh\u00f5es de aporte ao Portus, o fundo de pens\u00e3o complementar dos portu\u00e1rios, sob interven\u00e7\u00e3o. O valor tem o objetivo de manter o equil\u00edbrio do fluxo de caixa e o pagamento do benef\u00edcio dos assistidos.<\/p>\n<p>Ao todo, o fundo receber\u00e1 aportes de R$ 333 milh\u00f5es, por for\u00e7a da Lei de Cr\u00e9dito Suplementar assinada em dezembro de 2014.<\/p>\n<p>Fonte: Valor Econ\u00f4mico\/Fernanda Pires<\/p>\n","protected":false},"excerpt":{"rendered":"<p>Ap\u00f3s horas de negocia\u00e7\u00e3o, a Secretaria de Portos (SEP), a Federa\u00e7\u00e3o Nacional dos Portu\u00e1rios e sindicatos de trabalhadores portu\u00e1rios assinaram na noite de ontem, ter\u00e7a-feira,&#8230;<\/p>\n","protected":false},"author":1182,"featured_media":9787,"comment_status":"closed","ping_status":"closed","sticky":false,"template":"","format":"standard","meta":{"footnotes":""},"categories":[6],"tags":[],"class_list":["post-13042","post","type-post","status-publish","format-standard","has-post-thumbnail","hentry","category-noticias"],"_links":{"self":[{"href":"https:\/\/www.sincomam.org.br\/index.php\/wp-json\/wp\/v2\/posts\/13042","targetHints":{"allow":["GET"]}}],"collection":[{"href":"https:\/\/www.sincomam.org.br\/index.php\/wp-json\/wp\/v2\/posts"}],"about":[{"href":"https:\/\/www.sincomam.org.br\/index.php\/wp-json\/wp\/v2\/types\/post"}],"author":[{"embeddable":true,"href":"https:\/\/www.sincomam.org.br\/index.php\/wp-json\/wp\/v2\/users\/1182"}],"replies":[{"embeddable":true,"href":"https:\/\/www.sincomam.org.br\/index.php\/wp-json\/wp\/v2\/comments?post=13042"}],"version-history":[{"count":1,"href":"https:\/\/www.sincomam.org.br\/index.php\/wp-json\/wp\/v2\/posts\/13042\/revisions"}],"predecessor-version":[{"id":13043,"href":"https:\/\/www.sincomam.org.br\/index.php\/wp-json\/wp\/v2\/posts\/13042\/revisions\/13043"}],"wp:featuredmedia":[{"embeddable":true,"href":"https:\/\/www.sincomam.org.br\/index.php\/wp-json\/wp\/v2\/media\/9787"}],"wp:attachment":[{"href":"https:\/\/www.sincomam.org.br\/index.php\/wp-json\/wp\/v2\/media?parent=13042"}],"wp:term":[{"taxonomy":"category","embeddable":true,"href":"https:\/\/www.sincomam.org.br\/index.php\/wp-json\/wp\/v2\/categories?post=13042"},{"taxonomy":"post_tag","embeddable":true,"href":"https:\/\/www.sincomam.org.br\/index.php\/wp-json\/wp\/v2\/tags?post=13042"}],"curies":[{"name":"wp","href":"https:\/\/api.w.org\/{rel}","templated":true}]}}