{"id":13040,"date":"2015-06-25T10:23:02","date_gmt":"2015-06-25T13:23:02","guid":{"rendered":"http:\/\/www.sincomam.org.br\/?p=13040"},"modified":"2015-06-25T10:23:02","modified_gmt":"2015-06-25T13:23:02","slug":"justica-libera-leilao-da-dragagem-do-cais-santista","status":"publish","type":"post","link":"https:\/\/www.sincomam.org.br\/index.php\/justica-libera-leilao-da-dragagem-do-cais-santista\/","title":{"rendered":"Justi\u00e7a libera leil\u00e3o da dragagem do cais santista"},"content":{"rendered":"<p>O Tribunal Regional Federal da 1\u00aa Regi\u00e3o suspendeu os efeitos da liminar que interrompeu a licita\u00e7\u00e3o dos servi\u00e7os de dragagem do Porto de Santos, processo coordenado pela Secretaria de Portos da Presid\u00eancia da Rep\u00fablica (SEP). A decis\u00e3o, do juiz federal Reginaldo M\u00e1rcio Pereira, foi tomada na \u00faltima segunda-feira (22). Assim que a pasta federal for comunicada oficialmente da medida, poder\u00e1 retomar a concorr\u00eancia.<\/p>\n<p>A obra licitada pela SEP prev\u00ea ampliar a profundidade do canal de navega\u00e7\u00e3o (parte central) do estu\u00e1rio de Santos e das bacias de acesso aos ber\u00e7os de atraca\u00e7\u00e3o, dos atuais 15 metros (em m\u00e9dia) para 15,4 ou at\u00e9 15,7 metros. Os locais de atraca\u00e7\u00e3o ficar\u00e3o com uma fundura variando de 7,6 a 15,7 metros.<\/p>\n<p>A liminar que suspendeu a licita\u00e7\u00e3o foi pedida pela empresa Coencil Constru\u00e7\u00f5es e Empreendimento Civis Ltda. na noite de 26 de mar\u00e7o, \u00e0s v\u00e9speras do preg\u00e3o eletr\u00f4nico que selecionaria a firma respons\u00e1vel pelo servi\u00e7o. Seu pleito foi acatado quase duas horas ap\u00f3s a apresenta\u00e7\u00e3o pela ju\u00edza federal de plant\u00e3o Edna M\u00e1rcia Silva de Medeiros Ramos, da 13\u00aa Vara Federal do Distrito Federal. No processo, a companhia alegou que os documentos de habilita\u00e7\u00e3o exigidos no edital para firmas estrangeiras n\u00e3o estavam \u201cclaros\u201d.<\/p>\n<p>Ao liberar a licita\u00e7\u00e3o, o juiz federal Reginaldo M\u00e1rcio Pereira destacou que os atos administrativos em quest\u00e3o \u201cs\u00e3o revestidos dos atributos de legitimidade, de legalidade e impessoalidade\u201d. E enfatizou que \u201co interesse p\u00fablico resultante do certame licitat\u00f3rio promovido pela Uni\u00e3o e suspenso pela impetra\u00e7\u00e3o na v\u00e9spera da sess\u00e3o de abertura das propostas deve prevalecer\u201d. Ele ainda lembrou que a n\u00e3o realiza\u00e7\u00e3o da dragagem dos acessos aquavi\u00e1rios ao Porto prejudica a economia nacional e o pr\u00f3prio Pa\u00eds, dada a import\u00e2ncia do complexo mar\u00edtimo \u00e0s importa\u00e7\u00f5es e \u00e0s exporta\u00e7\u00f5es brasileiras.<\/p>\n<p>Fonte: A Tribuna On-line\/Leopoldo Figueiredo<\/p>\n","protected":false},"excerpt":{"rendered":"<p>O Tribunal Regional Federal da 1\u00aa Regi\u00e3o suspendeu os efeitos da liminar que interrompeu a licita\u00e7\u00e3o dos servi\u00e7os de dragagem do Porto de Santos, processo&#8230;<\/p>\n","protected":false},"author":1182,"featured_media":4044,"comment_status":"closed","ping_status":"closed","sticky":false,"template":"","format":"standard","meta":{"footnotes":""},"categories":[6],"tags":[],"class_list":["post-13040","post","type-post","status-publish","format-standard","has-post-thumbnail","hentry","category-noticias"],"_links":{"self":[{"href":"https:\/\/www.sincomam.org.br\/index.php\/wp-json\/wp\/v2\/posts\/13040","targetHints":{"allow":["GET"]}}],"collection":[{"href":"https:\/\/www.sincomam.org.br\/index.php\/wp-json\/wp\/v2\/posts"}],"about":[{"href":"https:\/\/www.sincomam.org.br\/index.php\/wp-json\/wp\/v2\/types\/post"}],"author":[{"embeddable":true,"href":"https:\/\/www.sincomam.org.br\/index.php\/wp-json\/wp\/v2\/users\/1182"}],"replies":[{"embeddable":true,"href":"https:\/\/www.sincomam.org.br\/index.php\/wp-json\/wp\/v2\/comments?post=13040"}],"version-history":[{"count":1,"href":"https:\/\/www.sincomam.org.br\/index.php\/wp-json\/wp\/v2\/posts\/13040\/revisions"}],"predecessor-version":[{"id":13041,"href":"https:\/\/www.sincomam.org.br\/index.php\/wp-json\/wp\/v2\/posts\/13040\/revisions\/13041"}],"wp:featuredmedia":[{"embeddable":true,"href":"https:\/\/www.sincomam.org.br\/index.php\/wp-json\/wp\/v2\/media\/4044"}],"wp:attachment":[{"href":"https:\/\/www.sincomam.org.br\/index.php\/wp-json\/wp\/v2\/media?parent=13040"}],"wp:term":[{"taxonomy":"category","embeddable":true,"href":"https:\/\/www.sincomam.org.br\/index.php\/wp-json\/wp\/v2\/categories?post=13040"},{"taxonomy":"post_tag","embeddable":true,"href":"https:\/\/www.sincomam.org.br\/index.php\/wp-json\/wp\/v2\/tags?post=13040"}],"curies":[{"name":"wp","href":"https:\/\/api.w.org\/{rel}","templated":true}]}}