{"id":13021,"date":"2015-06-24T08:01:32","date_gmt":"2015-06-24T11:01:32","guid":{"rendered":"http:\/\/www.sincomam.org.br\/?p=13021"},"modified":"2015-06-24T09:51:46","modified_gmt":"2015-06-24T12:51:46","slug":"inflacao-encosta-nos-9-em-2015-na-pesquisa-focus","status":"publish","type":"post","link":"https:\/\/www.sincomam.org.br\/index.php\/inflacao-encosta-nos-9-em-2015-na-pesquisa-focus\/","title":{"rendered":"Infla\u00e7\u00e3o encosta nos 9% em 2015 na pesquisa Focus"},"content":{"rendered":"<p><strong><em>Pela 10\u00aa rodada consecutiva, a estimativa para o indicador deste ano avan\u00e7ou de 8,79% da semana anterior para 8,97% agora<\/em><\/strong><\/p>\n<p>Depois dos resultados surpreendentes do \u00cdndice Nacional de Pre\u00e7os ao Consumidor Amplo (IPCA) de maio e do IPCA-15 de junho, ambos acima das estimativas, analistas consultados pelo Banco Central para o Relat\u00f3rio de Mercado Focus elevaram mais uma vez suas previs\u00f5es para o \u00edndice. Pela 10\u00aa rodada consecutiva, a estimativa para o indicador deste ano avan\u00e7ou de 8,79% da semana anterior para 8,97% agora. H\u00e1 um m\u00eas, essa proje\u00e7\u00e3o estava em 8,37%.<\/p>\n<p>As expectativas para a infla\u00e7\u00e3o suavizada 12 meses \u00e0 frente tamb\u00e9m foram ampliadas e passaram de 6,10% para 6,13%. H\u00e1 quatro semanas, estavam em 6,02%. Para junho, a medianas das previs\u00f5es passou de 0,55% para 0,68%. H\u00e1 um m\u00eas estava em 0,38%. J\u00e1 para julho, a estimativa apresentada na Focus aumentou de 0,35% para 0,40% de uma semana para outra &#8211; ante 0,31% de quatro edi\u00e7\u00f5es atr\u00e1s.<\/p>\n<p>Para o fim de 2016, foco de atua\u00e7\u00e3o do BC neste momento, a mediana das proje\u00e7\u00f5es para o IPCA se mant\u00e9m inalterada h\u00e1 cinco semanas consecutivas em 5,50%. Apenas no Top 5, que \u00e9 o grupo dos economistas que mais acertam as estimativas, houve refresco nas proje\u00e7\u00f5es para a infla\u00e7\u00e3o.<\/p>\n<p>Para este ano, a mediana das estimativas de 8,90% foi substitu\u00edda pela de 8,83%. Est\u00e1 ainda, entretanto, maior do que a taxa aguardada h\u00e1 um m\u00eas, de 8,75%. No caso de 2016, houve estabilidade da previs\u00e3o em 5,21%, menor do que a mediana apontada na pesquisa geral, de 5,50%. Quatro edi\u00e7\u00f5es atr\u00e1s, estava em 6,00%.<\/p>\n<p>Fonte: ZH \/ Economia<\/p>\n","protected":false},"excerpt":{"rendered":"<p>Pela 10\u00aa rodada consecutiva, a estimativa para o indicador deste ano avan\u00e7ou de 8,79% da semana anterior para 8,97% agora Depois dos resultados surpreendentes do&#8230;<\/p>\n","protected":false},"author":1182,"featured_media":3655,"comment_status":"closed","ping_status":"closed","sticky":false,"template":"","format":"standard","meta":{"footnotes":""},"categories":[6],"tags":[],"class_list":["post-13021","post","type-post","status-publish","format-standard","has-post-thumbnail","hentry","category-noticias"],"_links":{"self":[{"href":"https:\/\/www.sincomam.org.br\/index.php\/wp-json\/wp\/v2\/posts\/13021","targetHints":{"allow":["GET"]}}],"collection":[{"href":"https:\/\/www.sincomam.org.br\/index.php\/wp-json\/wp\/v2\/posts"}],"about":[{"href":"https:\/\/www.sincomam.org.br\/index.php\/wp-json\/wp\/v2\/types\/post"}],"author":[{"embeddable":true,"href":"https:\/\/www.sincomam.org.br\/index.php\/wp-json\/wp\/v2\/users\/1182"}],"replies":[{"embeddable":true,"href":"https:\/\/www.sincomam.org.br\/index.php\/wp-json\/wp\/v2\/comments?post=13021"}],"version-history":[{"count":1,"href":"https:\/\/www.sincomam.org.br\/index.php\/wp-json\/wp\/v2\/posts\/13021\/revisions"}],"predecessor-version":[{"id":13022,"href":"https:\/\/www.sincomam.org.br\/index.php\/wp-json\/wp\/v2\/posts\/13021\/revisions\/13022"}],"wp:featuredmedia":[{"embeddable":true,"href":"https:\/\/www.sincomam.org.br\/index.php\/wp-json\/wp\/v2\/media\/3655"}],"wp:attachment":[{"href":"https:\/\/www.sincomam.org.br\/index.php\/wp-json\/wp\/v2\/media?parent=13021"}],"wp:term":[{"taxonomy":"category","embeddable":true,"href":"https:\/\/www.sincomam.org.br\/index.php\/wp-json\/wp\/v2\/categories?post=13021"},{"taxonomy":"post_tag","embeddable":true,"href":"https:\/\/www.sincomam.org.br\/index.php\/wp-json\/wp\/v2\/tags?post=13021"}],"curies":[{"name":"wp","href":"https:\/\/api.w.org\/{rel}","templated":true}]}}