{"id":13012,"date":"2015-06-24T09:39:35","date_gmt":"2015-06-24T12:39:35","guid":{"rendered":"http:\/\/www.sincomam.org.br\/?p=13012"},"modified":"2015-06-24T09:39:35","modified_gmt":"2015-06-24T12:39:35","slug":"marinha-altera-periodo-de-inscricao-do-concurso-para-o-corpo-auxiliar-de-pracas-cp-cap","status":"publish","type":"post","link":"https:\/\/www.sincomam.org.br\/index.php\/marinha-altera-periodo-de-inscricao-do-concurso-para-o-corpo-auxiliar-de-pracas-cp-cap\/","title":{"rendered":"Marinha altera per\u00edodo de inscri\u00e7\u00e3o do Concurso para o Corpo Auxiliar de Pra\u00e7as (CP-CAP)"},"content":{"rendered":"<p>A primeira retifica\u00e7\u00e3o do Concurso P\u00fablico destinado \u00e0 admiss\u00e3o ao Curso de Forma\u00e7\u00e3o para Ingresso no Corpo Auxiliar de Pra\u00e7as (CP-CAP) de 2015, promovido pela Diretoria de Ensino da Marinha (DEnsM), corrigiu itens relacionados \u00e0 data de inscri\u00e7\u00e3o. O per\u00edodo para recebimento dos pedidos de participa\u00e7\u00e3o, agora segue de 10 de agosto de 2015 a 14 de setembro de 2015. Por conta dessa mudan\u00e7a, prazos para solicita\u00e7\u00e3o de isen\u00e7\u00e3o da taxa e pagamento da mesma, tamb\u00e9m foram alterados. <\/p>\n<p>O curso ocorrer\u00e1 no Centro de Instru\u00e7\u00e3o Almirante Alexandrino (CIAA), no Rio de Janeiro \u2013 RJ (Avenida Brasil, n\u00ba 10.946, Penha), durante 17 semanas, com in\u00edcio previsto para agosto de 2016.\u00a0Podem concorrer os profissionais formados em n\u00edvel t\u00e9cnico, na \u00e1rea correspondente \u00e0 vaga pleiteada. Os pedidos de participa\u00e7\u00e3o ser\u00e3o recebidos pelo site www.ensino.mar.mil.br, ou nas Organiza\u00e7\u00f5es Respons\u00e1veis pela Divulga\u00e7\u00e3o (ORDI) do Rio de Janeiro \u2013 RJ, Vila Velha \u2013 ES, Salvador \u2013 BA, Natal \u2013 RN, Olinda \u2013 PE, Fortaleza \u2013 CE, Bel\u00e9m \u2013 PA, S\u00e3o Luis \u2013 MA, Rio Grande \u2013 RS, Porto Alegre \u2013 RS, Florian\u00f3polis \u2013 SC, Lad\u00e1rio \u2013 MS, Bras\u00edlia \u2013 DF, S\u00e3o Paulo \u2013 SP, Manaus \u2013 AM e Santos \u2013 SP.<\/p>\n<p>Dentre \u00e0s etapas avaliativas, constam Provas Escrita e de Reda\u00e7\u00e3o, Inspe\u00e7\u00e3o de Sa\u00fade (IS) e Teste de Aptid\u00e3o F\u00edsica (TAF), al\u00e9m do Curso de Forma\u00e7\u00e3o. Ap\u00f3s a conclus\u00e3o deste, o candidato ser\u00e1 nomeado Cabo do CAP.<\/p>\n<p>Fonte: MB<\/p>\n","protected":false},"excerpt":{"rendered":"<p>A primeira retifica\u00e7\u00e3o do Concurso P\u00fablico destinado \u00e0 admiss\u00e3o ao Curso de Forma\u00e7\u00e3o para Ingresso no Corpo Auxiliar de Pra\u00e7as (CP-CAP) de 2015, promovido pela&#8230;<\/p>\n","protected":false},"author":1182,"featured_media":10363,"comment_status":"closed","ping_status":"closed","sticky":false,"template":"","format":"standard","meta":{"footnotes":""},"categories":[6],"tags":[],"class_list":["post-13012","post","type-post","status-publish","format-standard","has-post-thumbnail","hentry","category-noticias"],"_links":{"self":[{"href":"https:\/\/www.sincomam.org.br\/index.php\/wp-json\/wp\/v2\/posts\/13012","targetHints":{"allow":["GET"]}}],"collection":[{"href":"https:\/\/www.sincomam.org.br\/index.php\/wp-json\/wp\/v2\/posts"}],"about":[{"href":"https:\/\/www.sincomam.org.br\/index.php\/wp-json\/wp\/v2\/types\/post"}],"author":[{"embeddable":true,"href":"https:\/\/www.sincomam.org.br\/index.php\/wp-json\/wp\/v2\/users\/1182"}],"replies":[{"embeddable":true,"href":"https:\/\/www.sincomam.org.br\/index.php\/wp-json\/wp\/v2\/comments?post=13012"}],"version-history":[{"count":2,"href":"https:\/\/www.sincomam.org.br\/index.php\/wp-json\/wp\/v2\/posts\/13012\/revisions"}],"predecessor-version":[{"id":13014,"href":"https:\/\/www.sincomam.org.br\/index.php\/wp-json\/wp\/v2\/posts\/13012\/revisions\/13014"}],"wp:featuredmedia":[{"embeddable":true,"href":"https:\/\/www.sincomam.org.br\/index.php\/wp-json\/wp\/v2\/media\/10363"}],"wp:attachment":[{"href":"https:\/\/www.sincomam.org.br\/index.php\/wp-json\/wp\/v2\/media?parent=13012"}],"wp:term":[{"taxonomy":"category","embeddable":true,"href":"https:\/\/www.sincomam.org.br\/index.php\/wp-json\/wp\/v2\/categories?post=13012"},{"taxonomy":"post_tag","embeddable":true,"href":"https:\/\/www.sincomam.org.br\/index.php\/wp-json\/wp\/v2\/tags?post=13012"}],"curies":[{"name":"wp","href":"https:\/\/api.w.org\/{rel}","templated":true}]}}