{"id":13004,"date":"2015-06-24T09:22:45","date_gmt":"2015-06-24T12:22:45","guid":{"rendered":"http:\/\/www.sincomam.org.br\/?p=13004"},"modified":"2015-06-24T09:22:45","modified_gmt":"2015-06-24T12:22:45","slug":"comissao-debate-modernizacao-dos-portos-brasileiros","status":"publish","type":"post","link":"https:\/\/www.sincomam.org.br\/index.php\/comissao-debate-modernizacao-dos-portos-brasileiros\/","title":{"rendered":"Comiss\u00e3o debate moderniza\u00e7\u00e3o dos portos brasileiros"},"content":{"rendered":"<p>A Comiss\u00e3o de Via\u00e7\u00e3o e Transportes promove na manh\u00e3 de ontem, ter\u00e7a-feira (23), audi\u00eancia p\u00fablica para debater a situa\u00e7\u00e3o atual do setor portu\u00e1rio, os investimentos previstos a m\u00e9dio e longo prazo para modernizar os portos brasileiros, e os avan\u00e7os obtidos com a Lei dos Portos (12.815\/13).<\/p>\n<p>No in\u00edcio do m\u00eas, o governo federal anunciou a nova fase do Programa de Investimento em Log\u00edstica (PIL), que vai privatizar aeroportos, rodovias, ferrovias e portos. Os investimentos chegam a R$ 198 bilh\u00f5es. Deste total, R$ 37 bilh\u00f5es ser\u00e3o investidos em portos.<\/p>\n<p>Uma das autoras do requerimento para a realiza\u00e7\u00e3o da audi\u00eancia p\u00fablica, a deputada Clarissa Garotinho (PR-RJ) informou que na primeira fase do programa anunciada em 2012, os portos n\u00e3o receberam nenhum investimento. &#8220;Embora a gente esteja vendo que a movimenta\u00e7\u00e3o portu\u00e1ria cresceu quase 100% no Brasil nos \u00faltimos quatro anos, existe um receio muito grande de que estes investimentos, que ser\u00e3o sobretudo privados na \u00e1rea portu\u00e1ria, n\u00e3o se concretizem. Existe essa desconfian\u00e7a porque isso aconteceu na primeira etapa.&#8221;<\/p>\n<p>\u201cN\u00e3o temos agilidade nas opera\u00e7\u00f5es de embarque\/desembarque de cargas. A falta de investimentos na infraestrutura portu\u00e1ria gerou in\u00fameros gargalos na grande maioria dos portos brasileiros, que necessitam de um programa urgente de moderniza\u00e7\u00e3o\u201d, acrescentou Clarissa Garotinho.<\/p>\n<p>Foram convidados a debater o tema o ministro-chefe da Secretaria de Portos da Presid\u00eancia, Edinho Ara\u00fajo; o diretor-geral da Ag\u00eancia Nacional dos Transportes Aquavi\u00e1rios (Antaq), Mario Povia; o diretor da Secretaria de Fiscaliza\u00e7\u00e3o de Infraestrutura Portu\u00e1ria, H\u00eddrica e Ferrovi\u00e1ria, representando o TCU, Fernando Graeff; o diretor-presidente da Associa\u00e7\u00e3o Brasileira dos Terminais Portu\u00e1rios, Wilen Manteli; e o diretor-presidente da Associa\u00e7\u00e3o de Terminais Portu\u00e1rios Privados, Murillo Barbosa. A audi\u00eancia ocorre no plen\u00e1rio 11.<\/p>\n<p>Fonte: Jornal do Commecio (PE)\/Da Ag\u00eancia C\u00e2mara<\/p>\n","protected":false},"excerpt":{"rendered":"<p>A Comiss\u00e3o de Via\u00e7\u00e3o e Transportes promove na manh\u00e3 de ontem, ter\u00e7a-feira (23), audi\u00eancia p\u00fablica para debater a situa\u00e7\u00e3o atual do setor portu\u00e1rio, os investimentos&#8230;<\/p>\n","protected":false},"author":1182,"featured_media":0,"comment_status":"closed","ping_status":"closed","sticky":false,"template":"","format":"standard","meta":{"footnotes":""},"categories":[6],"tags":[],"class_list":["post-13004","post","type-post","status-publish","format-standard","hentry","category-noticias"],"_links":{"self":[{"href":"https:\/\/www.sincomam.org.br\/index.php\/wp-json\/wp\/v2\/posts\/13004","targetHints":{"allow":["GET"]}}],"collection":[{"href":"https:\/\/www.sincomam.org.br\/index.php\/wp-json\/wp\/v2\/posts"}],"about":[{"href":"https:\/\/www.sincomam.org.br\/index.php\/wp-json\/wp\/v2\/types\/post"}],"author":[{"embeddable":true,"href":"https:\/\/www.sincomam.org.br\/index.php\/wp-json\/wp\/v2\/users\/1182"}],"replies":[{"embeddable":true,"href":"https:\/\/www.sincomam.org.br\/index.php\/wp-json\/wp\/v2\/comments?post=13004"}],"version-history":[{"count":1,"href":"https:\/\/www.sincomam.org.br\/index.php\/wp-json\/wp\/v2\/posts\/13004\/revisions"}],"predecessor-version":[{"id":13005,"href":"https:\/\/www.sincomam.org.br\/index.php\/wp-json\/wp\/v2\/posts\/13004\/revisions\/13005"}],"wp:attachment":[{"href":"https:\/\/www.sincomam.org.br\/index.php\/wp-json\/wp\/v2\/media?parent=13004"}],"wp:term":[{"taxonomy":"category","embeddable":true,"href":"https:\/\/www.sincomam.org.br\/index.php\/wp-json\/wp\/v2\/categories?post=13004"},{"taxonomy":"post_tag","embeddable":true,"href":"https:\/\/www.sincomam.org.br\/index.php\/wp-json\/wp\/v2\/tags?post=13004"}],"curies":[{"name":"wp","href":"https:\/\/api.w.org\/{rel}","templated":true}]}}