{"id":12999,"date":"2015-06-23T16:08:10","date_gmt":"2015-06-23T19:08:10","guid":{"rendered":"http:\/\/www.sincomam.org.br\/?p=12999"},"modified":"2015-06-23T16:08:10","modified_gmt":"2015-06-23T19:08:10","slug":"quase-90-dos-brasileiros-apoiam-reducao-da-maioridade-diz-pesquisa","status":"publish","type":"post","link":"https:\/\/www.sincomam.org.br\/index.php\/quase-90-dos-brasileiros-apoiam-reducao-da-maioridade-diz-pesquisa\/","title":{"rendered":"Quase 90% dos brasileiros apoiam redu\u00e7\u00e3o da maioridade, diz pesquisa"},"content":{"rendered":"<p>Pesquisa Datafolha divulgada hoje (22) informa que 87% dos brasileiros votariam a favor da redu\u00e7\u00e3o da maioridade penal, que passaria de 18 para 16 anos, caso houvesse uma consulta \u00e0 popula\u00e7\u00e3o.<\/p>\n<p>O \u00edndice \u00e9 o mesmo da pesquisa anterior, publicada em abril deste ano. O instituto de pesquisa fez 2.840 entrevistas em 174 munic\u00edpios entre os dias 17 e 18 deste m\u00eas. A margem de erro da pesquisa \u00e9 2 pontos percentuais para mais ou para menos<\/p>\n<p>Entre os entrevistados, 11% se mostraram contra a redu\u00e7\u00e3o. A rejei\u00e7\u00e3o foi maior entre os mais escolarizados (21%) e entre os mais jovens (19%). Do total de entrevistados, 1%, s\u00e3o indiferentes e os que n\u00e3o souberam responder tamb\u00e9m somaram 1%.<\/p>\n<p>A pesquisa apresentou tamb\u00e9m a opini\u00e3o dos entrevistados sobre a idade m\u00ednima para uma pessoa ir para a cadeia. A m\u00e9dia foi 15,2 anos. Nesse levantamento, 48% dos entrevistados acreditam que a idade deveria ser de 16 a 17 anos. Para 26%, a idade deveria ser ainda menor: entre 13 e 15 anos e para 12%, entre 18 e 21 anos. Os que defendem que a idade deveria ser de at\u00e9 12 anos somam 11%.<\/p>\n<p>Entre os que se mostraram favor\u00e1veis \u00e0 redu\u00e7\u00e3o da maioridade, 73% dizem que a medida que deveria ser aplicada para qualquer tipo de crime e 27% a defendem para os mais graves. O homic\u00eddio foi citado por 80% dos entrevistados, o estupro, por 53%, e o assalto, o roubo e os furtos, por 37%.<\/p>\n<p>A pesquisa perguntou tamb\u00e9m sobre como a popula\u00e7\u00e3o v\u00ea a efic\u00e1cia de propostas alternativas \u00e0 da mudan\u00e7a de idade. Sobre o aumento do tempo de interna\u00e7\u00e3o, 30% consideram a medida muito eficiente; 29%, pouco eficiente, 37%, acham que n\u00e3o seria eficiente e 4% n\u00e3o souberam responder.<\/p>\n<p>Fonte: Ag\u00eancia Brasil<\/p>\n","protected":false},"excerpt":{"rendered":"<p>Pesquisa Datafolha divulgada hoje (22) informa que 87% dos brasileiros votariam a favor da redu\u00e7\u00e3o da maioridade penal, que passaria de 18 para 16 anos,&#8230;<\/p>\n","protected":false},"author":1182,"featured_media":13000,"comment_status":"closed","ping_status":"closed","sticky":false,"template":"","format":"standard","meta":{"footnotes":""},"categories":[6],"tags":[],"class_list":["post-12999","post","type-post","status-publish","format-standard","has-post-thumbnail","hentry","category-noticias"],"_links":{"self":[{"href":"https:\/\/www.sincomam.org.br\/index.php\/wp-json\/wp\/v2\/posts\/12999","targetHints":{"allow":["GET"]}}],"collection":[{"href":"https:\/\/www.sincomam.org.br\/index.php\/wp-json\/wp\/v2\/posts"}],"about":[{"href":"https:\/\/www.sincomam.org.br\/index.php\/wp-json\/wp\/v2\/types\/post"}],"author":[{"embeddable":true,"href":"https:\/\/www.sincomam.org.br\/index.php\/wp-json\/wp\/v2\/users\/1182"}],"replies":[{"embeddable":true,"href":"https:\/\/www.sincomam.org.br\/index.php\/wp-json\/wp\/v2\/comments?post=12999"}],"version-history":[{"count":1,"href":"https:\/\/www.sincomam.org.br\/index.php\/wp-json\/wp\/v2\/posts\/12999\/revisions"}],"predecessor-version":[{"id":13001,"href":"https:\/\/www.sincomam.org.br\/index.php\/wp-json\/wp\/v2\/posts\/12999\/revisions\/13001"}],"wp:featuredmedia":[{"embeddable":true,"href":"https:\/\/www.sincomam.org.br\/index.php\/wp-json\/wp\/v2\/media\/13000"}],"wp:attachment":[{"href":"https:\/\/www.sincomam.org.br\/index.php\/wp-json\/wp\/v2\/media?parent=12999"}],"wp:term":[{"taxonomy":"category","embeddable":true,"href":"https:\/\/www.sincomam.org.br\/index.php\/wp-json\/wp\/v2\/categories?post=12999"},{"taxonomy":"post_tag","embeddable":true,"href":"https:\/\/www.sincomam.org.br\/index.php\/wp-json\/wp\/v2\/tags?post=12999"}],"curies":[{"name":"wp","href":"https:\/\/api.w.org\/{rel}","templated":true}]}}