{"id":12992,"date":"2015-06-23T15:40:22","date_gmt":"2015-06-23T18:40:22","guid":{"rendered":"http:\/\/www.sincomam.org.br\/?p=12992"},"modified":"2015-06-23T15:40:22","modified_gmt":"2015-06-23T18:40:22","slug":"antaq-celebra-contrato-de-adesao-com-mais-tres-empresas","status":"publish","type":"post","link":"https:\/\/www.sincomam.org.br\/index.php\/antaq-celebra-contrato-de-adesao-com-mais-tres-empresas\/","title":{"rendered":"Antaq celebra contrato de ades\u00e3o com mais tr\u00eas empresas"},"content":{"rendered":"<p><strong><em>Os terminais ter\u00e3o vig\u00eancia por 25 anos contados da data de assinatura do contrato de ades\u00e3o<\/em><\/strong><\/p>\n<p>A Antaq (Ag\u00eancia Nacional de Transporte Aquavi\u00e1rio), celebrou contrato de ades\u00e3o adaptado a nova lei dos portos com mais tr\u00eas empresas. As companhias ficam autorizadas a explorar a instala\u00e7\u00e3o portu\u00e1ria na modalidade TUP (Terminal de Uso Privado), s\u00e3o elas: Copelmi Minera\u00e7\u00e3o LTDA, denominada Terminal Privado Copelmi, localizada em Charqueadas\/RS, cuja a autoriza\u00e7\u00e3o compreende a movimenta\u00e7\u00e3o e armazenagem de granel s\u00f3lido. A Imerys Rio Capim Caulim S\/A, denominada Porto Mucuripi, localizado em Barcarena (PA), na qual a autoriza\u00e7\u00e3o compreende a movimenta\u00e7\u00e3o e armazenagem de granel s\u00f3lido e a VLI (Valor da Log\u00edstica Integrada), que passa a se chamar TMIB (Terminal Mar\u00edtimo In\u00e1cio Barbosa), localizado em Barra dos Coqueiros (SE). A Autoriza\u00e7\u00e3o compreende a movimenta\u00e7\u00e3o e armazenagem de granel s\u00f3lido e granel l\u00edquido.<\/p>\n<p>Todos os terminais ter\u00e3o vig\u00eancia por 25 anos contados da data de assinatura do contrato de ades\u00e3o, prorrog\u00e1vel por per\u00edodos sucessivos mediante a manuten\u00e7\u00e3o da atividade pela autorizada e realiza\u00e7\u00e3o dos investimentos necess\u00e1rios \u00e0 expans\u00e3o e moderniza\u00e7\u00e3o das instala\u00e7\u00f5es portu\u00e1rias.<\/p>\n<p>Fonte: Guia Mar\u00edtimo<\/p>\n","protected":false},"excerpt":{"rendered":"<p>Os terminais ter\u00e3o vig\u00eancia por 25 anos contados da data de assinatura do contrato de ades\u00e3o A Antaq (Ag\u00eancia Nacional de Transporte Aquavi\u00e1rio), celebrou contrato&#8230;<\/p>\n","protected":false},"author":1182,"featured_media":6017,"comment_status":"closed","ping_status":"closed","sticky":false,"template":"","format":"standard","meta":{"footnotes":""},"categories":[6],"tags":[],"class_list":["post-12992","post","type-post","status-publish","format-standard","has-post-thumbnail","hentry","category-noticias"],"_links":{"self":[{"href":"https:\/\/www.sincomam.org.br\/index.php\/wp-json\/wp\/v2\/posts\/12992","targetHints":{"allow":["GET"]}}],"collection":[{"href":"https:\/\/www.sincomam.org.br\/index.php\/wp-json\/wp\/v2\/posts"}],"about":[{"href":"https:\/\/www.sincomam.org.br\/index.php\/wp-json\/wp\/v2\/types\/post"}],"author":[{"embeddable":true,"href":"https:\/\/www.sincomam.org.br\/index.php\/wp-json\/wp\/v2\/users\/1182"}],"replies":[{"embeddable":true,"href":"https:\/\/www.sincomam.org.br\/index.php\/wp-json\/wp\/v2\/comments?post=12992"}],"version-history":[{"count":1,"href":"https:\/\/www.sincomam.org.br\/index.php\/wp-json\/wp\/v2\/posts\/12992\/revisions"}],"predecessor-version":[{"id":12993,"href":"https:\/\/www.sincomam.org.br\/index.php\/wp-json\/wp\/v2\/posts\/12992\/revisions\/12993"}],"wp:featuredmedia":[{"embeddable":true,"href":"https:\/\/www.sincomam.org.br\/index.php\/wp-json\/wp\/v2\/media\/6017"}],"wp:attachment":[{"href":"https:\/\/www.sincomam.org.br\/index.php\/wp-json\/wp\/v2\/media?parent=12992"}],"wp:term":[{"taxonomy":"category","embeddable":true,"href":"https:\/\/www.sincomam.org.br\/index.php\/wp-json\/wp\/v2\/categories?post=12992"},{"taxonomy":"post_tag","embeddable":true,"href":"https:\/\/www.sincomam.org.br\/index.php\/wp-json\/wp\/v2\/tags?post=12992"}],"curies":[{"name":"wp","href":"https:\/\/api.w.org\/{rel}","templated":true}]}}