{"id":12983,"date":"2015-06-23T15:23:39","date_gmt":"2015-06-23T18:23:39","guid":{"rendered":"http:\/\/www.sincomam.org.br\/?p=12983"},"modified":"2015-06-23T15:23:39","modified_gmt":"2015-06-23T18:23:39","slug":"cooperativa-do-parana-investe-r-700-mi-para-ampliar-producao-e-armazenagem","status":"publish","type":"post","link":"https:\/\/www.sincomam.org.br\/index.php\/cooperativa-do-parana-investe-r-700-mi-para-ampliar-producao-e-armazenagem\/","title":{"rendered":"Cooperativa do Paran\u00e1 investe R$ 700 mi para ampliar produ\u00e7\u00e3o e armazenagem"},"content":{"rendered":"<p>A Agr\u00e1ria, cooperativa agroindustrial do Paran\u00e1, vai investir cerca de R$ 700 milh\u00f5es at\u00e9 2016. A maior parte dos recursos ser\u00e1 destinada ao aumento da produ\u00e7\u00e3o de malte e \u00e0 eleva\u00e7\u00e3o do espa\u00e7o para armazenagem de gr\u00e3os.<\/p>\n<p>Com um aporte de aproximadamente R$ 340 milh\u00f5es, o grupo vai ampliar em quase 60% a fabrica\u00e7\u00e3o de malte na planta de Guarapuava. A cooperativa \u00e9 uma das principais fornecedoras da mat\u00e9ria-prima para os fabricantes de cerveja do pa\u00eds.<\/p>\n<p>&#8220;O Brasil n\u00e3o \u00e9 autossuficiente em malte, importamos uma parte do que vendemos. Por isso, vamos ampliar a capacidade&#8221;, afirma Arnaldo Stock, diretor financeiro.<\/p>\n<p>O produto, feito de cevada, diferencia a Agr\u00e1ria do perfil t\u00edpico de cooperativas do Paran\u00e1, em que predominam gr\u00e3os, como soja, e su\u00ednos.<\/p>\n<p>O aumento da armazenagem de gr\u00e3os, por sua vez, consumir\u00e1 cerca de R$ 200 milh\u00f5es, incluindo melhorias de acesso e p\u00e1tio para ve\u00edculos.<\/p>\n<p>Os investimentos foram mantidos, mesmo com o cen\u00e1rio econ\u00f4mico ruim, porque eles j\u00e1 vinham sendo preparados antes da crise.<\/p>\n<p>&#8220;O momento \u00e9 de cautela e tamb\u00e9m estamos com receio. Talvez, se fossemos come\u00e7ar a discutir os projetos agora, n\u00e3o ser\u00edamos t\u00e3o audaciosos assim&#8221;, diz.<\/p>\n<p>A Agr\u00e1ria financiar\u00e1 a maior parte dos aportes &#8211;cerca de 90%&#8211; por meio do BNDES e do BRDE (Banco Regional de Desenvolvimento do Extremo Sul).<\/p>\n<p>Fonte: Folha de S\u00e3o Paulo<\/p>\n","protected":false},"excerpt":{"rendered":"<p>A Agr\u00e1ria, cooperativa agroindustrial do Paran\u00e1, vai investir cerca de R$ 700 milh\u00f5es at\u00e9 2016. A maior parte dos recursos ser\u00e1 destinada ao aumento da&#8230;<\/p>\n","protected":false},"author":1182,"featured_media":3901,"comment_status":"closed","ping_status":"closed","sticky":false,"template":"","format":"standard","meta":{"footnotes":""},"categories":[6],"tags":[],"class_list":["post-12983","post","type-post","status-publish","format-standard","has-post-thumbnail","hentry","category-noticias"],"_links":{"self":[{"href":"https:\/\/www.sincomam.org.br\/index.php\/wp-json\/wp\/v2\/posts\/12983","targetHints":{"allow":["GET"]}}],"collection":[{"href":"https:\/\/www.sincomam.org.br\/index.php\/wp-json\/wp\/v2\/posts"}],"about":[{"href":"https:\/\/www.sincomam.org.br\/index.php\/wp-json\/wp\/v2\/types\/post"}],"author":[{"embeddable":true,"href":"https:\/\/www.sincomam.org.br\/index.php\/wp-json\/wp\/v2\/users\/1182"}],"replies":[{"embeddable":true,"href":"https:\/\/www.sincomam.org.br\/index.php\/wp-json\/wp\/v2\/comments?post=12983"}],"version-history":[{"count":1,"href":"https:\/\/www.sincomam.org.br\/index.php\/wp-json\/wp\/v2\/posts\/12983\/revisions"}],"predecessor-version":[{"id":12984,"href":"https:\/\/www.sincomam.org.br\/index.php\/wp-json\/wp\/v2\/posts\/12983\/revisions\/12984"}],"wp:featuredmedia":[{"embeddable":true,"href":"https:\/\/www.sincomam.org.br\/index.php\/wp-json\/wp\/v2\/media\/3901"}],"wp:attachment":[{"href":"https:\/\/www.sincomam.org.br\/index.php\/wp-json\/wp\/v2\/media?parent=12983"}],"wp:term":[{"taxonomy":"category","embeddable":true,"href":"https:\/\/www.sincomam.org.br\/index.php\/wp-json\/wp\/v2\/categories?post=12983"},{"taxonomy":"post_tag","embeddable":true,"href":"https:\/\/www.sincomam.org.br\/index.php\/wp-json\/wp\/v2\/tags?post=12983"}],"curies":[{"name":"wp","href":"https:\/\/api.w.org\/{rel}","templated":true}]}}