{"id":12960,"date":"2015-06-22T11:09:44","date_gmt":"2015-06-22T14:09:44","guid":{"rendered":"http:\/\/www.sincomam.org.br\/?p=12960"},"modified":"2015-06-22T11:09:44","modified_gmt":"2015-06-22T14:09:44","slug":"na-bahia-dilma-sinaliza-ampliacao-de-investimentos-no-porto-de-aratu","status":"publish","type":"post","link":"https:\/\/www.sincomam.org.br\/index.php\/na-bahia-dilma-sinaliza-ampliacao-de-investimentos-no-porto-de-aratu\/","title":{"rendered":"Na Bahia, Dilma sinaliza amplia\u00e7\u00e3o de investimentos no porto de Aratu"},"content":{"rendered":"<p>A presidente Dilma Rousseff sinalizou ao governador da Bahia, Rui Costa, na manh\u00e3 da \u00faltima sexta-feira (19), que est\u00e1 disposta a ampliar os investimentos no porto de Aratu, na regi\u00e3o metropolitana de Salvador, para al\u00e9m do anunciado na nova fase do Programa de Investimento e Log\u00edstica (PIL), lan\u00e7ado no dia 9 deste m\u00eas.<\/p>\n<p>Conhecido como Plano de Concess\u00f5es, o programa prev\u00ea investimentos de R$ 198,4 bilh\u00f5es na privatiza\u00e7\u00e3o de aeroportos, rodovias, ferrovias e portos.<\/p>\n<p>A sinaliza\u00e7\u00e3o da presidente foi anunciada nesta sexta durante a inaugura\u00e7\u00e3o do Complexo Acr\u00edlico da Basf, em Cama\u00e7ari, ap\u00f3s cobran\u00e7a do governador da Bahia. Em discurso, Rui Costa agradeceu pelo an\u00fancio de investimentos no Terminal de Gr\u00e3os do Porto de Aratu, mas pediu que os demais terminais do local fosse inclu\u00eddos no PIL.<\/p>\n<p>&#8220;Inicialmente, foi anunciado o Terminal de Gr\u00e3os, mas eu j\u00e1 tive a oportunidade de estar com ministro do Planejamento, Nelson Barbosa, e estive com o ministro (da Fazenda), Joaquim Levy, pedindo a inclus\u00e3o n\u00e3o s\u00f3 do Terminal de Gr\u00e3os, mas do Terminal de G\u00e1s, do Terminal de L\u00edquido, porque as empresas querem investir e ali \u00e9 um patrim\u00f4nio da Bahia&#8221;, argumentou.<\/p>\n<p>Em discurso logo ap\u00f3s, a presidente Dilma Rousseff revelou interesse na amplia\u00e7\u00e3o de investimentos no porto baiano. &#8220;N\u00f3s estamos abertos a acrescentar. Dif\u00edcil seria a gente tirar. Inclusive, um tratamento todo especial que dou a Aratu, um dos portos de \u00e1guas profundas mais importantes do pa\u00eds. Todo esfor\u00e7o do programa de concess\u00e3o para ampliar o Porto de Aratu, conte conosco&#8221;, respondeu.<\/p>\n<p>A presidente tamb\u00e9m afirmou que este \u00e9 mesmo o momento de recebimento de sugest\u00f5es para o aperfei\u00e7oamento do PIL. &#8220;Lan\u00e7amos esse programa na semana passada. Portanto, estamos a tempo e a hora de fazer os ajustes necess\u00e1rios&#8221;, concluiu.<\/p>\n<p>Fonte: Henrique Mendes \/ G1 BA<\/p>\n","protected":false},"excerpt":{"rendered":"<p>A presidente Dilma Rousseff sinalizou ao governador da Bahia, Rui Costa, na manh\u00e3 da \u00faltima sexta-feira (19), que est\u00e1 disposta a ampliar os investimentos no&#8230;<\/p>\n","protected":false},"author":1182,"featured_media":5429,"comment_status":"closed","ping_status":"closed","sticky":false,"template":"","format":"standard","meta":{"footnotes":""},"categories":[6],"tags":[],"class_list":["post-12960","post","type-post","status-publish","format-standard","has-post-thumbnail","hentry","category-noticias"],"_links":{"self":[{"href":"https:\/\/www.sincomam.org.br\/index.php\/wp-json\/wp\/v2\/posts\/12960","targetHints":{"allow":["GET"]}}],"collection":[{"href":"https:\/\/www.sincomam.org.br\/index.php\/wp-json\/wp\/v2\/posts"}],"about":[{"href":"https:\/\/www.sincomam.org.br\/index.php\/wp-json\/wp\/v2\/types\/post"}],"author":[{"embeddable":true,"href":"https:\/\/www.sincomam.org.br\/index.php\/wp-json\/wp\/v2\/users\/1182"}],"replies":[{"embeddable":true,"href":"https:\/\/www.sincomam.org.br\/index.php\/wp-json\/wp\/v2\/comments?post=12960"}],"version-history":[{"count":1,"href":"https:\/\/www.sincomam.org.br\/index.php\/wp-json\/wp\/v2\/posts\/12960\/revisions"}],"predecessor-version":[{"id":12961,"href":"https:\/\/www.sincomam.org.br\/index.php\/wp-json\/wp\/v2\/posts\/12960\/revisions\/12961"}],"wp:featuredmedia":[{"embeddable":true,"href":"https:\/\/www.sincomam.org.br\/index.php\/wp-json\/wp\/v2\/media\/5429"}],"wp:attachment":[{"href":"https:\/\/www.sincomam.org.br\/index.php\/wp-json\/wp\/v2\/media?parent=12960"}],"wp:term":[{"taxonomy":"category","embeddable":true,"href":"https:\/\/www.sincomam.org.br\/index.php\/wp-json\/wp\/v2\/categories?post=12960"},{"taxonomy":"post_tag","embeddable":true,"href":"https:\/\/www.sincomam.org.br\/index.php\/wp-json\/wp\/v2\/tags?post=12960"}],"curies":[{"name":"wp","href":"https:\/\/api.w.org\/{rel}","templated":true}]}}