{"id":12907,"date":"2015-06-19T11:27:58","date_gmt":"2015-06-19T14:27:58","guid":{"rendered":"http:\/\/www.sincomam.org.br\/?p=12907"},"modified":"2015-06-19T11:27:58","modified_gmt":"2015-06-19T14:27:58","slug":"ciaga-e-mobilizado-para-cerimonial-a-bandeira","status":"publish","type":"post","link":"https:\/\/www.sincomam.org.br\/index.php\/ciaga-e-mobilizado-para-cerimonial-a-bandeira\/","title":{"rendered":"CIAGA \u00e9 mobilizado para Cerimonial \u00e0 Bandeira"},"content":{"rendered":"<p><strong><em>Alunos, professores, oficiais e civis prestam honras \u00e0 antiga cerimonia naval de hastear o Pavilh\u00e3o Nacional no Mastro da Organiza\u00e7\u00e3o Militar<\/em><\/strong><\/p>\n<p>Um dia incomum despontava no horizonte do Centro de Instru\u00e7\u00e3o Almirante Gra\u00e7a Aranha (CIAGA). Por determina\u00e7\u00e3o do Exmo. Sr. Comandante do CIAGA, CAlte Gilberto Cezar Louren\u00e7o, toda a tripula\u00e7\u00e3o da OM (Organiza\u00e7\u00e3o Militar) faria parte do Cerimonial \u00e0 Bandeira.<\/p>\n<p>\u00c0s 0720, o Corpo de Alunos, formado por ano escolar, marchava da Alameda Alegrete em dire\u00e7\u00e3o ao P\u00e1tio da Bandeira onde aguardavam o Corpo de Oficiais e toda a Guarni\u00e7\u00e3o. Estavam tamb\u00e9m presentes alunos do Programa For\u00e7as no Esporte, desenvolvido pelo Minist\u00e9rio da Defesa, em parceria com os Minist\u00e9rios do Esporte e Desenvolvimento Social e Combate \u00e0 Fome. No Rio de Janeiro, o programa contempla, por interm\u00e9dio do Centro de Educa\u00e7\u00e3o F\u00edsica Almirante Adalberto Nunes (CEFAN), mais de 200 jovens entre 7 e 17 anos, que se encontram em situa\u00e7\u00e3o de vulnerabilidade social.<\/p>\n<p>Voltados agora para a varanda do Bloco do Comando, os alunos da EFOMM podiam ver rostos que conheciam do dia a dia na Escola: funcion\u00e1rios da Funda\u00e7\u00e3o de Estudos do Mar (FEMAR), professores, militares da reserva ou civis, enquanto o vogal, Ten Leonardo Madela, anunciava a chegada do Comandante e recebia a permiss\u00e3o para iniciar a cerim\u00f4nia.<\/p>\n<p>\u00c9 comum aos alunos da Escola de Forma\u00e7\u00e3o de Oficiais da Marinha Mercante (EFOMM) participar do Cerimonial \u00e0 Bandeira, \u00e0 tarde, quando o Pavilh\u00e3o Nacional \u00e9 arriado, na hora do p\u00f4r do sol. Da cerim\u00f4nia das 0800, enquanto est\u00e3o em aula, s\u00f3 \u00e9 poss\u00edvel ouvir o soar do apito do Senhor Mestre do CIAGA e o badalar do Sino de Bordo, marcando a hora da ocasi\u00e3o.<\/p>\n<p>Com uma leve chuva come\u00e7ando a cair, o vogal come\u00e7ava a explicar o significado dos s\u00edmbolos nacionais para os servidores civis e os convidados, como o galhardete \u201cPREP\u201d, que marca o in\u00edcio da cerim\u00f4nia. A Bandeira do Brasil, representando a Rep\u00fablica, foi institu\u00edda no dia 15 de Novembro de 1889, quando o Cruzeiro do Sul estrelava o c\u00e9u brasileiro. Junto \u00e0 constela\u00e7\u00e3o, est\u00e3o os 26 Estados e o Distrito Federal, no c\u00edrculo azul, atravessado pela faixa com a senten\u00e7a positivista \u201cORDEM E PROGRESSO\u201d escrita em verde.<\/p>\n<p>O corneteiro ordenou que o cerimonial voltasse-se para o centro do P\u00e1tio da Bandeira, onde o Mastro se encontra. Nas extremidades do P\u00e1tio, est\u00e3o os bustos do Almirante Gra\u00e7a Aranha, patrono do Centro de Instru\u00e7\u00e3o, e do Visconde de Mau\u00e1, vision\u00e1rio que dedicou sua vida ao futuro do pa\u00eds, o que inclui a Marinha Mercante. Ao ser anunciado \u201cSinal para a Bandeira\u201d, a PREP \u00e9 i\u00e7ada rapidamente na verga de bombordo. \u00c9 ent\u00e3o comandado \u201cCIAGA, sentido\u201d. Um minuto depois, \u00e9 anunciado o \u201cARRIOU\u201d, quando a PREP \u00e9 rapidamente arriada na adri\u00e7a e com o toque do Corneteiro de \u201cAPRESENTAR ARMAS\u201d, inicia-se o hasteamento da Bandeira do Brasil.<\/p>\n<p>Enquanto o Pavilh\u00e3o Nacional era i\u00e7ado, lentamente, em meio de uma leve garoa que \u2013 nas palavras do Almirante Louren\u00e7o, \u201cbenzia\u201d a cerim\u00f4nia \u2013 as sete \u201cvivas\u201d do apito do Senhor Mestre, o soar do Sino de Bordo, junto com o som retumbante dos instrumentos da Banda ecoavam, harmoniosamente, junto com o Hino Nacional, cantado por toda OM.<\/p>\n<p>Naquele momento, as palavras anteriormente pronunciadas pelo Ten. Madela reverberavam na cabe\u00e7a dos alunos: \u201cDesde a Esta\u00e7\u00e3o na Ant\u00e1rtica, Comandante Ferraz, passando pela Miss\u00e3o das Na\u00e7\u00f5es Unidas, no Haiti, at\u00e9 a For\u00e7a-Tarefa Mar\u00edtima, no L\u00edbano, realizam o Cerimonial \u00e0 Bandeira neste mesmo hor\u00e1rio\u201d.<\/p>\n<p>Aquele P\u00e1tio da Bandeira pareceu muito mais cheio, de repente. Cheio de homens e mulheres, no Brasil e mundo afora, que honram seus antepassados, cultuam seus s\u00edmbolos e que chegam at\u00e9 n\u00f3s, v\u00e1rias gera\u00e7\u00f5es depois. Um exemplo de patriotismo saud\u00e1vel, cada vez mais escasso nos dias atuais.<\/p>\n<p>Fonte: Jornal Pelicano<\/p>\n","protected":false},"excerpt":{"rendered":"<p>Alunos, professores, oficiais e civis prestam honras \u00e0 antiga cerimonia naval de hastear o Pavilh\u00e3o Nacional no Mastro da Organiza\u00e7\u00e3o Militar Um dia incomum despontava&#8230;<\/p>\n","protected":false},"author":1182,"featured_media":12909,"comment_status":"closed","ping_status":"closed","sticky":false,"template":"","format":"standard","meta":{"footnotes":""},"categories":[6],"tags":[],"class_list":["post-12907","post","type-post","status-publish","format-standard","has-post-thumbnail","hentry","category-noticias"],"_links":{"self":[{"href":"https:\/\/www.sincomam.org.br\/index.php\/wp-json\/wp\/v2\/posts\/12907","targetHints":{"allow":["GET"]}}],"collection":[{"href":"https:\/\/www.sincomam.org.br\/index.php\/wp-json\/wp\/v2\/posts"}],"about":[{"href":"https:\/\/www.sincomam.org.br\/index.php\/wp-json\/wp\/v2\/types\/post"}],"author":[{"embeddable":true,"href":"https:\/\/www.sincomam.org.br\/index.php\/wp-json\/wp\/v2\/users\/1182"}],"replies":[{"embeddable":true,"href":"https:\/\/www.sincomam.org.br\/index.php\/wp-json\/wp\/v2\/comments?post=12907"}],"version-history":[{"count":1,"href":"https:\/\/www.sincomam.org.br\/index.php\/wp-json\/wp\/v2\/posts\/12907\/revisions"}],"predecessor-version":[{"id":12910,"href":"https:\/\/www.sincomam.org.br\/index.php\/wp-json\/wp\/v2\/posts\/12907\/revisions\/12910"}],"wp:featuredmedia":[{"embeddable":true,"href":"https:\/\/www.sincomam.org.br\/index.php\/wp-json\/wp\/v2\/media\/12909"}],"wp:attachment":[{"href":"https:\/\/www.sincomam.org.br\/index.php\/wp-json\/wp\/v2\/media?parent=12907"}],"wp:term":[{"taxonomy":"category","embeddable":true,"href":"https:\/\/www.sincomam.org.br\/index.php\/wp-json\/wp\/v2\/categories?post=12907"},{"taxonomy":"post_tag","embeddable":true,"href":"https:\/\/www.sincomam.org.br\/index.php\/wp-json\/wp\/v2\/tags?post=12907"}],"curies":[{"name":"wp","href":"https:\/\/api.w.org\/{rel}","templated":true}]}}