{"id":12896,"date":"2015-06-19T10:50:37","date_gmt":"2015-06-19T13:50:37","guid":{"rendered":"http:\/\/www.sincomam.org.br\/?p=12896"},"modified":"2015-06-19T10:50:37","modified_gmt":"2015-06-19T13:50:37","slug":"lava-jato-cumpre-59-mandados-em-quatro-estados-na-14a-fase","status":"publish","type":"post","link":"https:\/\/www.sincomam.org.br\/index.php\/lava-jato-cumpre-59-mandados-em-quatro-estados-na-14a-fase\/","title":{"rendered":"Lava Jato cumpre 59 mandados em quatro estados na 14\u00aa fase"},"content":{"rendered":"<p><strong><em>Opera\u00e7\u00e3o \u00e9 realizada nesta sexta (19) em SP, RJ, MG e RS. Presidentes das construtoras Odebrecht e Andrade Gutierrez foram presos<\/em><\/strong><\/p>\n<p>A Pol\u00edcia Federal (PF) cumpre desde a madrugada desta sexta-feira (19) a 14\u00aa fase da Opera\u00e7\u00e3o Lava Jato. S\u00e3o 59 mandados judiciais, sendo 12 de pris\u00f5es tempor\u00e1rias e preventivas, em S\u00e3o Paulo, Rio de Janeiro, Minas Gerais e Rio Grande do Sul. Esta fase da opera\u00e7\u00e3o, chamada de &#8220;Erga Omnes&#8221;, tem como alvo as empreiteiras Odebrecht e Andrade Gutierrez, segundo a PF.<\/p>\n<p>Em coletiva de imprensa, a Pol\u00edcia Federal informou que 9 dos 12 mandados de pris\u00e3o j\u00e1 haviam sido cumpridos. Entre os detidos, est\u00e3o:<\/p>\n<p><strong>Odebrecht<\/strong><\/p>\n<p>Marcelo Odebrecht, presidente<\/p>\n<p>Alexandrino Alencar<\/p>\n<p>Cesar Ramos Rocha<\/p>\n<p>M\u00e1rcio Faria<\/p>\n<p>Rog\u00e9rio Ara\u00fajo<\/p>\n<p><strong>Andrade Gutierrez<\/strong><\/p>\n<p>Ot\u00e1vio Marques Azevedo, presidente<\/p>\n<p>Todos os presos ser\u00e3o trazidos para a carceragem da PF, em Curitiba, ainda nesta sexta-feira. Segundo o delegado Igor Rom\u00e1rio de Paula, eles ser\u00e3o trazidos em um avi\u00e3o da PF e devem chegar por volta das 18h.<\/p>\n<p>O delegado Igor afirmou que h\u00e1 ind\u00edcios bem concretos, com documentos, de que os presidentes das empresas tinham &#8220;dom\u00ednio completo&#8221; de atos que levaram a forma\u00e7\u00e3o de cartel e fraude em licita\u00e7\u00f5es, al\u00e9m de pagamento de propinas.<\/p>\n<p>Do total de mandados, oito s\u00e3o de pris\u00e3o preventiva, quatro de pris\u00e3o tempor\u00e1ria, 38 de busca e apreens\u00e3o e nove de condu\u00e7\u00e3o coercitiva, quando a pessoa \u00e9 obrigada a prestar depoimento. A Lava Jato foi deflagrada em mar\u00e7o de 2014 e investiga um esquema bilion\u00e1rio de lavagem de dinheiro.<\/p>\n<p>A pris\u00e3o tempor\u00e1ria tem prazo de cinco dias, podendo ser prorrogada pelo mesmo per\u00edodo. J\u00e1 a pris\u00e3o preventiva pode ocorrer por termpo indeterminado, enquanto durarem as investiga\u00e7\u00f5es.<\/p>\n<p>Os mandados de busca e apreens\u00e3o ser\u00e3o cumpridos em Jundia\u00ed (1), S\u00e3o Paulo (17), Rio de Janeiro (16), Belo Horizonte (2) e Porto Alegre (2). Os de pris\u00e3o preventiva em S\u00e3o Paulo (4), Rio de Janeiro (3) e Minas Gerais (1). Os de pris\u00e3o tempor\u00e1ria ser\u00e3o cumpridos em S\u00e3o Paulo (2), Rio de Janeiro (2). J\u00e1 os de condu\u00e7\u00e3o coercitiva ser\u00e3o em S\u00e3o Paulo (5), Rio de Janeiro (3) e Porto Alegre (1).<\/p>\n<p>Esta fase da opera\u00e7\u00e3o foi batizada de Erga Omnes e investiga crimes de forma\u00e7\u00e3o de cartel, fraude a licita\u00e7\u00f5es, corrup\u00e7\u00e3o, desvio de verbas p\u00fablicas, lavagem de dinheiro, entre outras. Erga Omnes trata-se de uma express\u00e3o muito usada no direito, que afirma que a lei deve atingir todos de modo igual.<\/p>\n<p>A Odebrecht foi citada em 15 de setembro do ano passado durante um depoimento de Paulo Roberto Costa, que cumpre pris\u00e3o domiciliar no Rio de Janeiro. Na \u00e9poca, ele detalhou \u00e0 Pol\u00edcia Federal supostas irregularidades cometidas pela empresa em contratos com a Petrobras.<\/p>\n<p><strong>O outro lado<\/strong><\/p>\n<p>Em nota, a Construtora Norberto Odebrecht (CNO) confirmou a opera\u00e7\u00e3o da Pol\u00edcia Federal em seus escrit\u00f3rios em S\u00e3o Paulo e Rio de Janeiro, para o cumprimento de mandados de busca e apreens\u00e3o. Da mesma forma, alguns mandados de pris\u00e3o e condu\u00e7\u00e3o coercitiva foram emitidos.<\/p>\n<p>&#8220;Como \u00e9 de conhecimento p\u00fablico, a CNO entende que estes mandados s\u00e3o desnecess\u00e1rios, uma vez que a empresa e seus executivos, desde o in\u00edcio da opera\u00e7\u00e3o Lava Jato, sempre estiveram \u00e0 disposi\u00e7\u00e3o das autoridades para colaborar com as investiga\u00e7\u00f5es&#8221;, diz a nota.<\/p>\n<p>Tamb\u00e9m por meio de nota, a construtora Andrade Gutierrez informou que est\u00e1 acompanhando o andamento da 14\u00aa fase da Opera\u00e7\u00e3o Lava Jato e prestando todo o apoio necess\u00e1rio aos seus executivos nesse momento.<\/p>\n<p>&#8220;A empresa informa ainda que est\u00e1 colaborando com as investiga\u00e7\u00f5es no intuito de que todos os assuntos em pauta sejam esclarecidos o mais rapidamente poss\u00edvel. A Andrade Gutierrez reitera, como vem fazendo desde o in\u00edcio das investiga\u00e7\u00f5es, que n\u00e3o tem ou teve qualquer rela\u00e7\u00e3o com os fatos investigados pela Opera\u00e7\u00e3o Lava Jato, e espera poder esclarecer todas os questionamentos da Justi\u00e7a o quanto antes&#8221;, diz a nota.<\/p>\n<p><strong>Fase anterior <\/strong><\/p>\n<p>A fase anterior da opera\u00e7\u00e3o Lava Jato foi realizada em Minas Gerais, Rio de Janeiro e S\u00e3o Paulo e prendeu o empres\u00e1rio Milton Pascowitch. Ele est\u00e1 detido na sede da carceragem da PF em Curitiba e \u00e9 apontado como um dos operadores do esquema de propinas da Petrobras.<\/p>\n<p>Conforme a PF, Milton presta servi\u00e7os \u00e0 Ecovix, empresa do ramo de constru\u00e7\u00e3o naval e offshore (empresas de explora\u00e7\u00e3o petrol\u00edfera que operam com plataformas no mar).<\/p>\n<p>Desde o in\u00edcio da opera\u00e7\u00e3o, dezenas de pessoas j\u00e1 foram presas, entre elas est\u00e3o o ex-diretor de Abastecimento da Petrobras Paulo Roberto Costa \u2013\u00a0 que cumpre pris\u00e3o domiciliar no Rio de Janeiro e Alberto Youssef, que est\u00e1 preso na carceragem da PF em Curitiba e \u00e9 acusado de ser o l\u00edder do esquema.<\/p>\n<p>Nas primeiras 13 fases, a PF cumpriu mais de 400 mandados judiciais, que incluem pris\u00f5es preventivas, tempor\u00e1rias, busca e apreens\u00e3o e condu\u00e7\u00e3o coercitiva (quando o suspeito \u00e9 levado a depor).<\/p>\n<p>As investiga\u00e7\u00f5es policiais e do MPF podem resultar ou n\u00e3o na abertura de a\u00e7\u00f5es na Justi\u00e7a. Ao todo, 19 a\u00e7\u00f5es penais e 5 a\u00e7\u00f5es civis p\u00fablicas foram instauradas na Justi\u00e7a Federal.<\/p>\n<p>O juiz federal S\u00e9rgio Moro, respons\u00e1vel pelos processos da Lava Jato na primeira inst\u00e2ncia do Judici\u00e1rio, aceitou den\u00fancia contra mais de 80 pessoas. S\u00e3o alvo de a\u00e7\u00f5es as empreiteiras Camargo Corr\u00eaa, Sanko-Sider, Mendes J\u00fanior, OAS, Galv\u00e3o Engenharia e Engevix.<\/p>\n<p>Fonte: G1 Paran\u00e1<\/p>\n","protected":false},"excerpt":{"rendered":"<p>Opera\u00e7\u00e3o \u00e9 realizada nesta sexta (19) em SP, RJ, MG e RS. Presidentes das construtoras Odebrecht e Andrade Gutierrez foram presos A Pol\u00edcia Federal (PF)&#8230;<\/p>\n","protected":false},"author":1182,"featured_media":9106,"comment_status":"closed","ping_status":"closed","sticky":false,"template":"","format":"standard","meta":{"footnotes":""},"categories":[6],"tags":[],"class_list":["post-12896","post","type-post","status-publish","format-standard","has-post-thumbnail","hentry","category-noticias"],"_links":{"self":[{"href":"https:\/\/www.sincomam.org.br\/index.php\/wp-json\/wp\/v2\/posts\/12896","targetHints":{"allow":["GET"]}}],"collection":[{"href":"https:\/\/www.sincomam.org.br\/index.php\/wp-json\/wp\/v2\/posts"}],"about":[{"href":"https:\/\/www.sincomam.org.br\/index.php\/wp-json\/wp\/v2\/types\/post"}],"author":[{"embeddable":true,"href":"https:\/\/www.sincomam.org.br\/index.php\/wp-json\/wp\/v2\/users\/1182"}],"replies":[{"embeddable":true,"href":"https:\/\/www.sincomam.org.br\/index.php\/wp-json\/wp\/v2\/comments?post=12896"}],"version-history":[{"count":1,"href":"https:\/\/www.sincomam.org.br\/index.php\/wp-json\/wp\/v2\/posts\/12896\/revisions"}],"predecessor-version":[{"id":12897,"href":"https:\/\/www.sincomam.org.br\/index.php\/wp-json\/wp\/v2\/posts\/12896\/revisions\/12897"}],"wp:featuredmedia":[{"embeddable":true,"href":"https:\/\/www.sincomam.org.br\/index.php\/wp-json\/wp\/v2\/media\/9106"}],"wp:attachment":[{"href":"https:\/\/www.sincomam.org.br\/index.php\/wp-json\/wp\/v2\/media?parent=12896"}],"wp:term":[{"taxonomy":"category","embeddable":true,"href":"https:\/\/www.sincomam.org.br\/index.php\/wp-json\/wp\/v2\/categories?post=12896"},{"taxonomy":"post_tag","embeddable":true,"href":"https:\/\/www.sincomam.org.br\/index.php\/wp-json\/wp\/v2\/tags?post=12896"}],"curies":[{"name":"wp","href":"https:\/\/api.w.org\/{rel}","templated":true}]}}