{"id":12888,"date":"2015-06-18T09:00:31","date_gmt":"2015-06-18T12:00:31","guid":{"rendered":"http:\/\/www.sincomam.org.br\/?p=12888"},"modified":"2015-06-18T10:35:08","modified_gmt":"2015-06-18T13:35:08","slug":"conselho-da-transpetro-elege-novo-presidente-da-empresa","status":"publish","type":"post","link":"https:\/\/www.sincomam.org.br\/index.php\/conselho-da-transpetro-elege-novo-presidente-da-empresa\/","title":{"rendered":"Conselho da Transpetro elege novo presidente da empresa"},"content":{"rendered":"<p><strong><em>Escolhido foi Ant\u00f4nio Rubens Silva Silvino.\u00a0 Ele era gerente executivo corporativo do abastecimento da Petrobras<\/em><\/strong><\/p>\n<p>A Petrobras informou que o conselho da administra\u00e7\u00e3o da Petrobras Transporte S.A. (Transpetro), em reuni\u00e3o realizada nesta quarta-feira (17), designou Ant\u00f4nio Rubens Silva Silvino para exercer a presid\u00eancia da companhia.<\/p>\n<p>Silvino exercia o cargo de gerente executivo corporativo do abastecimento da Petrobras.<\/p>\n<p>A presid\u00eancia da Transpetro estava sendo exercida, interinamente, pelo diretor da subsidi\u00e1ria Cl\u00e1udio Ribeiro Teixeira Campos, que assumiu o posto depois da sa\u00edda de S\u00e9rgio Machado, h\u00e1 alguns meses.<\/p>\n<p>O presidente da Transpetro, S\u00e9rgio Machado, entregou o cargo no dia 5 de fevereiro. Ele comandava a subsidi\u00e1ria da Petrobras h\u00e1 12 anos. Machado estava de licen\u00e7a desde novembro, quando foi acusado pelo ex-diretor da Petrobras Paulo Roberto Costa por pagamento de propina nos casos de irregularidades investigadas pela Opera\u00e7\u00e3o Lava Jato.<\/p>\n<p>\u00c0 \u00e9poca, S\u00e9rgio Machado afirmou que decidiu sair depois que a ex-presidente da Petrobras, Gra\u00e7a Foster, e cinco diretores entregaram os cargos.<\/p>\n<p><strong>Petroleiros param atividades em protesto contra venda da Transpetro<\/strong><\/p>\n<p>Os trabalhadores da Petrobras Transporte (Transpetro), com apoio da categoria petroleira e de seus sindicatos, participam do Dia Nacional de Luta pela Reincorpora\u00e7\u00e3o da Transpetro, contra a privatiza\u00e7\u00e3o da Petrobr\u00e1s. Em Sergipe, desde as primeiras horas da manh\u00e3, servidores se concentraram em frente \u00e0 Tecarmo, no bairro Atalaia.<\/p>\n<p>Eles parram as atividades e segundo eles, a mobiliza\u00e7\u00e3o est\u00e1 sendo impulsionada pela Federa\u00e7\u00e3o Nacional dos Petroleiros (FNP). A data representa o anivers\u00e1rio de 17 anos de funda\u00e7\u00e3o da Transpetro.<\/p>\n<p><strong>Contra as privatiza\u00e7\u00f5es<\/strong><\/p>\n<p>Ainda segundo o \u00f3rg\u00e3o, a Petrobras j\u00e1 divulgou a contrata\u00e7\u00e3o de institui\u00e7\u00f5es financeiras para prepararem o seu fatiamento. Diante da atual crise na mais importante estatal do pa\u00eds, os funcion\u00e1rios da Transpetro est\u00e3o vendo parte do seu controle acion\u00e1rio e parte da BR-Distribuidora correndo o risco de ser privatizada, al\u00e9m da venda das Usinas Termel\u00e9tricas (UTEs) e das FAFENs, de plataformas e at\u00e9 o desmembramento das \u00e1reas de Tecnologia da Informa\u00e7\u00e3o e Comunica\u00e7\u00e3o (TICs) e do Compartilhado em empresas terceirizadas prestadoras de servi\u00e7os.<\/p>\n<p>Fonte: G1 \/ SE<\/p>\n","protected":false},"excerpt":{"rendered":"<p>Escolhido foi Ant\u00f4nio Rubens Silva Silvino.\u00a0 Ele era gerente executivo corporativo do abastecimento da Petrobras A Petrobras informou que o conselho da administra\u00e7\u00e3o da Petrobras&#8230;<\/p>\n","protected":false},"author":1182,"featured_media":12194,"comment_status":"closed","ping_status":"closed","sticky":false,"template":"","format":"standard","meta":{"footnotes":""},"categories":[6],"tags":[1779,100,314,784,1780,1781,1782,1767,1140,105],"class_list":["post-12888","post","type-post","status-publish","format-standard","has-post-thumbnail","hentry","category-noticias","tag-antonio","tag-novo","tag-presidente","tag-protesto","tag-rubens","tag-silva","tag-silvino","tag-terceirizacao","tag-trabalhadores","tag-transpetro"],"_links":{"self":[{"href":"https:\/\/www.sincomam.org.br\/index.php\/wp-json\/wp\/v2\/posts\/12888","targetHints":{"allow":["GET"]}}],"collection":[{"href":"https:\/\/www.sincomam.org.br\/index.php\/wp-json\/wp\/v2\/posts"}],"about":[{"href":"https:\/\/www.sincomam.org.br\/index.php\/wp-json\/wp\/v2\/types\/post"}],"author":[{"embeddable":true,"href":"https:\/\/www.sincomam.org.br\/index.php\/wp-json\/wp\/v2\/users\/1182"}],"replies":[{"embeddable":true,"href":"https:\/\/www.sincomam.org.br\/index.php\/wp-json\/wp\/v2\/comments?post=12888"}],"version-history":[{"count":1,"href":"https:\/\/www.sincomam.org.br\/index.php\/wp-json\/wp\/v2\/posts\/12888\/revisions"}],"predecessor-version":[{"id":12889,"href":"https:\/\/www.sincomam.org.br\/index.php\/wp-json\/wp\/v2\/posts\/12888\/revisions\/12889"}],"wp:featuredmedia":[{"embeddable":true,"href":"https:\/\/www.sincomam.org.br\/index.php\/wp-json\/wp\/v2\/media\/12194"}],"wp:attachment":[{"href":"https:\/\/www.sincomam.org.br\/index.php\/wp-json\/wp\/v2\/media?parent=12888"}],"wp:term":[{"taxonomy":"category","embeddable":true,"href":"https:\/\/www.sincomam.org.br\/index.php\/wp-json\/wp\/v2\/categories?post=12888"},{"taxonomy":"post_tag","embeddable":true,"href":"https:\/\/www.sincomam.org.br\/index.php\/wp-json\/wp\/v2\/tags?post=12888"}],"curies":[{"name":"wp","href":"https:\/\/api.w.org\/{rel}","templated":true}]}}