{"id":12880,"date":"2015-06-18T10:12:55","date_gmt":"2015-06-18T13:12:55","guid":{"rendered":"http:\/\/www.sincomam.org.br\/?p=12880"},"modified":"2015-06-18T10:12:55","modified_gmt":"2015-06-18T13:12:55","slug":"forca-tarefa-da-lava-jato-vai-investigar-irregularidades-no-comperj","status":"publish","type":"post","link":"https:\/\/www.sincomam.org.br\/index.php\/forca-tarefa-da-lava-jato-vai-investigar-irregularidades-no-comperj\/","title":{"rendered":"For\u00e7a-tarefa da Lava Jato vai investigar irregularidades no Comperj"},"content":{"rendered":"<p>O juiz titular dos processos da Lava-Jato, Sergio Moro, aceitou que suspeitas de irregularidades no Complexo Petroqu\u00edmico do Rio de Janeiro (Comperj) deixem de ser investigadas pelo Minist\u00e9rio P\u00fablico estadual do Rio de Janeiro (MP-RJ) e passem a ser apuradas pela for\u00e7a-tarefa do Paran\u00e1 que investiga o caso.<\/p>\n<p>\u201cDiante do exposto, havendo prov\u00e1vel conex\u00e3o f\u00e1tica entre os fatos investigados nos inqu\u00e9ritos remetidos a este Ju\u00edzo com os fatos que est\u00e3o sendo apurados na assim denominada Opera\u00e7\u00e3o Lava-Jato, acolho a declina\u00e7\u00e3o de compet\u00eancia, sem preju\u00edzo de melhor exame se provocado ou se mostrar-se necess\u00e1rio\u201d.<\/p>\n<p>Os inqu\u00e9ritos estavam tramitando na Justi\u00e7a estadual de Itabora\u00ed (RJ) e o MP-RJ solicitou que fossem remetidos \u00e0 13\u00aa vara criminal da Justi\u00e7a Federal de Curitiba.<\/p>\n<p>\u201cAponta que o IPL [inqu\u00e9rito policial] 0747 foi instaurado a partir do encaminhamento do Relat\u00f3rio de Fiscaliza\u00e7\u00e3o n\u00ba 231\/2012 do Tribunal de Contas da Uni\u00e3o, o qual apontou suposto superfaturamento no contrato n\u00ba 0858.0071411.11.2, celebrado entre a Petrobras e a empresa MPE Montagens e Projetos Especiais S\/A para obras no Comperj\u201d, destacou Moro em seu despacho.<\/p>\n<p>O magistrado tamb\u00e9m permitiu que a Controladoria-Geral da Uni\u00e3o (CGU) tome os depoimentos do doleiro e delator Alberto Youssef, pe\u00e7a central da Opera\u00e7\u00e3o Lava-Jato, e dos tamb\u00e9m colaboradores Pedro Jos\u00e9 Barusco Filho e Julio Gerin de Almeida Camargo, respectivamente ex-gerente de Engenharia da Petrobras e ex-consultor do Grupo Setal.<\/p>\n<p>\u201cQuanto a Alberto Youssef, que se encontra na carceragem da Pol\u00edcia Federal em Curitiba, autorizo a CGU a entrar em contato com a autoridade policial e agendar data e hor\u00e1rio para ouvi-lo nas pr\u00f3prias depend\u00eancias da Pol\u00edcia Federal e que n\u00e3o deve coincidir com datas e hor\u00e1rios de audi\u00eancia deste Ju\u00edzo\u201d.<\/p>\n<p>\u201cPedro Jos\u00e9 Barusco Filho e J\u00falio Gerin de Almeida Camargo est\u00e3o soltos, de forma que a CGU pode entrar em contato diretamente com eles, por meio de seus defensores, e agendar data, hor\u00e1rio e local\u201d, determinou o magistrado.<\/p>\n<p>Em of\u00edcio enviado \u00e0 13\u00aa vara criminal de Curitiba, a CGU informou que instaurou 29 Processos Administrativos de Responsabiliza\u00e7\u00e3o (Par), \u201ctendo por objetivo apurar eventuais irregularidades cometidas pelas empresas citadas at\u00e9 o momento na Opera\u00e7\u00e3o Lava-Jato\u201d.<\/p>\n<p>Moro autorizou ainda que a sindic\u00e2ncia da Petrobras que apura irregularidades na estatal fa\u00e7a perguntas a Renato Duque, ex-diretor de Servi\u00e7os da petrol\u00edfera que est\u00e1 em pris\u00e3o preventiva. Os questionamentos endere\u00e7ados ao ex-executivo da Petrobras foram anexados aos autos.<\/p>\n<p>Fonte: Valor Econ\u00f4mico\/Andr\u00e9 Guilherme Vieira<\/p>\n","protected":false},"excerpt":{"rendered":"<p>O juiz titular dos processos da Lava-Jato, Sergio Moro, aceitou que suspeitas de irregularidades no Complexo Petroqu\u00edmico do Rio de Janeiro (Comperj) deixem de ser&#8230;<\/p>\n","protected":false},"author":1182,"featured_media":4139,"comment_status":"closed","ping_status":"closed","sticky":false,"template":"","format":"standard","meta":{"footnotes":""},"categories":[6],"tags":[],"class_list":["post-12880","post","type-post","status-publish","format-standard","has-post-thumbnail","hentry","category-noticias"],"_links":{"self":[{"href":"https:\/\/www.sincomam.org.br\/index.php\/wp-json\/wp\/v2\/posts\/12880","targetHints":{"allow":["GET"]}}],"collection":[{"href":"https:\/\/www.sincomam.org.br\/index.php\/wp-json\/wp\/v2\/posts"}],"about":[{"href":"https:\/\/www.sincomam.org.br\/index.php\/wp-json\/wp\/v2\/types\/post"}],"author":[{"embeddable":true,"href":"https:\/\/www.sincomam.org.br\/index.php\/wp-json\/wp\/v2\/users\/1182"}],"replies":[{"embeddable":true,"href":"https:\/\/www.sincomam.org.br\/index.php\/wp-json\/wp\/v2\/comments?post=12880"}],"version-history":[{"count":1,"href":"https:\/\/www.sincomam.org.br\/index.php\/wp-json\/wp\/v2\/posts\/12880\/revisions"}],"predecessor-version":[{"id":12881,"href":"https:\/\/www.sincomam.org.br\/index.php\/wp-json\/wp\/v2\/posts\/12880\/revisions\/12881"}],"wp:featuredmedia":[{"embeddable":true,"href":"https:\/\/www.sincomam.org.br\/index.php\/wp-json\/wp\/v2\/media\/4139"}],"wp:attachment":[{"href":"https:\/\/www.sincomam.org.br\/index.php\/wp-json\/wp\/v2\/media?parent=12880"}],"wp:term":[{"taxonomy":"category","embeddable":true,"href":"https:\/\/www.sincomam.org.br\/index.php\/wp-json\/wp\/v2\/categories?post=12880"},{"taxonomy":"post_tag","embeddable":true,"href":"https:\/\/www.sincomam.org.br\/index.php\/wp-json\/wp\/v2\/tags?post=12880"}],"curies":[{"name":"wp","href":"https:\/\/api.w.org\/{rel}","templated":true}]}}