{"id":12868,"date":"2015-06-17T10:37:23","date_gmt":"2015-06-17T13:37:23","guid":{"rendered":"http:\/\/www.sincomam.org.br\/?p=12868"},"modified":"2015-06-17T10:37:23","modified_gmt":"2015-06-17T13:37:23","slug":"liderancas-discutem-agenda-de-acoes-para-a-retomada-do-setor-naval","status":"publish","type":"post","link":"https:\/\/www.sincomam.org.br\/index.php\/liderancas-discutem-agenda-de-acoes-para-a-retomada-do-setor-naval\/","title":{"rendered":"Lideran\u00e7as discutem agenda de a\u00e7\u00f5es para a retomada do setor naval"},"content":{"rendered":"<p>Os principais representantes da ind\u00fastria naval estar\u00e3o reunidos no F\u00f3rum de L\u00edderes, que ser\u00e1 realizado pela Marintec South America &#8211; Navalshore, evento do setor de constru\u00e7\u00e3o e manuten\u00e7\u00e3o naval da Am\u00e9rica do Sul, em parceria com o Sistema FIRJAN e Sinaval, para debater solu\u00e7\u00f5es estrat\u00e9gicas que contribuam com a retomada da atividade da cadeia produtiva. O encontro acontecer\u00e1 paralelamente \u00e0 Marintec, que ocorre de 11 a 13 de agosto, no Centro de Conven\u00e7\u00f5es SulAmerica, no Rio de Janeiro.<\/p>\n<p>O objetivo do F\u00f3rum de L\u00edderes do setor naval \u00e9 trazer para a discuss\u00e3o os principais gargalos das quest\u00f5es tecnol\u00f3gicas, pol\u00edticas e da sustentabilidade do setor em temas de relev\u00e2ncia para o desenvolvimento da ind\u00fastria no Brasil e na Am\u00e9rica do Sul, com reflexos internacionais.<\/p>\n<p>Para compor o programa de conte\u00fado do F\u00f3rum, foi formado um comit\u00ea de confer\u00eancias com as principais associa\u00e7\u00f5es do segmento. Entre elas est\u00e3o a Organiza\u00e7\u00e3o Nacional da Ind\u00fastria do Petr\u00f3leo (Onip), Federa\u00e7\u00e3o das Ind\u00fastrias do Estado do Rio de Janeiro (FIRJAN), Sindicato Nacional da Constru\u00e7\u00e3o Naval (Sinaval), Sindicato Nacional das Empresas de Navega\u00e7\u00e3o Mar\u00edtima (Syndarma), Marinha, Ag\u00eancia Nacional de Transportes Aquavi\u00e1rios (Antaq), Sociedade Brasileira de Engenharia Naval (Sobena), Universidade Federal do Rio de Janeiro (UFRJ) e DNV-GL. Juntas, as entidades unem for\u00e7as para buscar ideias e iniciativas que consolidem o setor e blindem novas amea\u00e7as.<\/p>\n<p>O F\u00f3rum ser\u00e1 composto por tr\u00eas pain\u00e9is, que abordar\u00e3o temas como \u201cA ind\u00fastria de constru\u00e7\u00e3o naval e offshore: Produtividade, Fomento, Legisla\u00e7\u00e3o e Sustentabilidade\u201d; \u201cTransporte Mar\u00edtimo Brasileiro: Marinha Mercante, Cabotagem e Desenvolvimento Setorial\u201d e \u201cInova\u00e7\u00e3o e Futuro da Ind\u00fastria Naval: Tecnologia e Melhores Pr\u00e1ticas no Brasil e no Mundo\u201d. Este ano, a Marintec reposicionou sua marca no mercado como \u00fanico evento nacional a servir o segmento com discuss\u00f5es e debates sobre o cen\u00e1rio da ind\u00fastria naval e offshore. Para isso, a organizadora do evento, UBM Brazil, aumentou a grade de conte\u00fado e investiu em infraestrutura, dispondo cinco das salas de Confer\u00eancias para atender o p\u00fablico.<\/p>\n<p>O gerente da feira, Renan Joel, explica que o F\u00f3rum \u00e9 fundamental para fortalecer o mercado em busca de iniciativas que colaborem com a retomada naval em frentes consideradas estrat\u00e9gicas para toda a cadeia. \u201c\u00c9 muito importante o debate de ideiais e a busca de solu\u00e7\u00f5es em um momento como este. Nosso papel como uma empresa global, que fornece eventos de neg\u00f3cios, \u00e9 justamente fomentar novas perspectivas que possam ser aplicadas a favor do mercado\u201d, finaliza.<\/p>\n<p>Fonte: Portos e Navios<\/p>\n","protected":false},"excerpt":{"rendered":"<p>Os principais representantes da ind\u00fastria naval estar\u00e3o reunidos no F\u00f3rum de L\u00edderes, que ser\u00e1 realizado pela Marintec South America &#8211; Navalshore, evento do setor de&#8230;<\/p>\n","protected":false},"author":1182,"featured_media":7654,"comment_status":"closed","ping_status":"closed","sticky":false,"template":"","format":"standard","meta":{"footnotes":""},"categories":[6],"tags":[],"class_list":["post-12868","post","type-post","status-publish","format-standard","has-post-thumbnail","hentry","category-noticias"],"_links":{"self":[{"href":"https:\/\/www.sincomam.org.br\/index.php\/wp-json\/wp\/v2\/posts\/12868","targetHints":{"allow":["GET"]}}],"collection":[{"href":"https:\/\/www.sincomam.org.br\/index.php\/wp-json\/wp\/v2\/posts"}],"about":[{"href":"https:\/\/www.sincomam.org.br\/index.php\/wp-json\/wp\/v2\/types\/post"}],"author":[{"embeddable":true,"href":"https:\/\/www.sincomam.org.br\/index.php\/wp-json\/wp\/v2\/users\/1182"}],"replies":[{"embeddable":true,"href":"https:\/\/www.sincomam.org.br\/index.php\/wp-json\/wp\/v2\/comments?post=12868"}],"version-history":[{"count":1,"href":"https:\/\/www.sincomam.org.br\/index.php\/wp-json\/wp\/v2\/posts\/12868\/revisions"}],"predecessor-version":[{"id":12869,"href":"https:\/\/www.sincomam.org.br\/index.php\/wp-json\/wp\/v2\/posts\/12868\/revisions\/12869"}],"wp:featuredmedia":[{"embeddable":true,"href":"https:\/\/www.sincomam.org.br\/index.php\/wp-json\/wp\/v2\/media\/7654"}],"wp:attachment":[{"href":"https:\/\/www.sincomam.org.br\/index.php\/wp-json\/wp\/v2\/media?parent=12868"}],"wp:term":[{"taxonomy":"category","embeddable":true,"href":"https:\/\/www.sincomam.org.br\/index.php\/wp-json\/wp\/v2\/categories?post=12868"},{"taxonomy":"post_tag","embeddable":true,"href":"https:\/\/www.sincomam.org.br\/index.php\/wp-json\/wp\/v2\/tags?post=12868"}],"curies":[{"name":"wp","href":"https:\/\/api.w.org\/{rel}","templated":true}]}}