{"id":12864,"date":"2015-06-17T10:31:18","date_gmt":"2015-06-17T13:31:18","guid":{"rendered":"http:\/\/www.sincomam.org.br\/?p=12864"},"modified":"2015-06-17T10:31:18","modified_gmt":"2015-06-17T13:31:18","slug":"portuarios-da-codesp-paralisam-atividades-no-proximo-dia-29","status":"publish","type":"post","link":"https:\/\/www.sincomam.org.br\/index.php\/portuarios-da-codesp-paralisam-atividades-no-proximo-dia-29\/","title":{"rendered":"Portu\u00e1rios da Codesp paralisam atividades no pr\u00f3ximo dia 29"},"content":{"rendered":"<p>Trabalhadores portu\u00e1rios empregados da Codesp (Companhia Docas de S\u00e3o Paulo) decidiram paralisar as atividades no pr\u00f3ximo dia 29 de junho. A decis\u00e3o foi acertada em assembleia realizada na noite da \u00faltima segunda-feira (15).<\/p>\n<p>Segundo a categoria, a greve geral no Porto de Santos foi confirmada porque a estatal n\u00e3o reconhece a data base dos trabalhadores, que \u00e9 de 1\u00ba de junho, e est\u00e1 oferecendo apenas 5% de reajuste salarial.<\/p>\n<p>&#8220;Temos que mostrar para a Codesp que n\u00e3o estamos de brincadeira. Que os trabalhadores do Porto de Santos merecem respeito. Por isso, vamos parar o porto no pr\u00f3ximo dia 29 de junho\u201d, afirmou o presidente do Sindaport, Everandy Cirino dos Santos.\u00a0<\/p>\n<p>Para discutir a proposta salarial oferecida pela Codesp, o presidente do sindicato participa de uma reuni\u00e3o, convocada pela Federa\u00e7\u00e3o Nacional dos Portu\u00e1rios, nos dias 23 e 24, em Bras\u00edlia.<\/p>\n<p>\u201dO Sindaport defende a realiza\u00e7\u00e3o de uma greve geral em todos os portos no dia 29 de junho. N\u00e3o d\u00e1 para cada Companhia Docas oferecer uma proposta salarial diferente\u201d, ressaltou, explicando que consultou os portos de Vit\u00f3ria e do Rio de Janeiro e cada um recebeu uma proposta diferente de sua respectiva companhia docas.<\/p>\n<p>O advogado do sindicato, Eraldo Franzese, explicou que historicamente a Codesp sempre garantiu a data base, como demonstra\u00e7\u00e3o de boa f\u00e9. Este ano, entretanto, a empresa modificou o procedimento.<\/p>\n<p><strong>Estivadores<\/strong><\/p>\n<p>No \u00faltimo dia 1\u00ba, as opera\u00e7\u00f5es no Porto de Santos tamb\u00e9m foram paralisadas. Na ocasi\u00e3o, os estivadores, respons\u00e1veis pela coloca\u00e7\u00e3o e retirada de cargas nas embarca\u00e7\u00f5es, cruzaram os bra\u00e7os entre 6h e 13h. A greve afetou os terminais p\u00fablicos de cont\u00eaineres e prejudicou quatro dos 50 navios que estavam atracados no porto.<\/p>\n<p><strong>Resposta<\/strong><\/p>\n<p>Em nota, Codesp informou que j\u00e1 foram realizadas duas reuni\u00f5es sobre a campanha salarial. H\u00e1 outro encontro programado para esta quarta-feira (17).<\/p>\n<p>&#8220;A Codesp apresentou sua proposta e est\u00e1 negociando com as categorias, considerando o momento econ\u00f4mico do pa\u00eds. Espera-se que as negocia\u00e7\u00f5es sejam conclu\u00eddas neste m\u00eas, por isso a empresa entende desnecess\u00e1rio garantir a data base de 1\u00ba de Julho&#8221;, pronunciou-se.<\/p>\n<p>Fonte: A Tribuna On-line<\/p>\n","protected":false},"excerpt":{"rendered":"<p>Trabalhadores portu\u00e1rios empregados da Codesp (Companhia Docas de S\u00e3o Paulo) decidiram paralisar as atividades no pr\u00f3ximo dia 29 de junho. A decis\u00e3o foi acertada em&#8230;<\/p>\n","protected":false},"author":1182,"featured_media":0,"comment_status":"closed","ping_status":"closed","sticky":false,"template":"","format":"standard","meta":{"footnotes":""},"categories":[6],"tags":[],"class_list":["post-12864","post","type-post","status-publish","format-standard","hentry","category-noticias"],"_links":{"self":[{"href":"https:\/\/www.sincomam.org.br\/index.php\/wp-json\/wp\/v2\/posts\/12864","targetHints":{"allow":["GET"]}}],"collection":[{"href":"https:\/\/www.sincomam.org.br\/index.php\/wp-json\/wp\/v2\/posts"}],"about":[{"href":"https:\/\/www.sincomam.org.br\/index.php\/wp-json\/wp\/v2\/types\/post"}],"author":[{"embeddable":true,"href":"https:\/\/www.sincomam.org.br\/index.php\/wp-json\/wp\/v2\/users\/1182"}],"replies":[{"embeddable":true,"href":"https:\/\/www.sincomam.org.br\/index.php\/wp-json\/wp\/v2\/comments?post=12864"}],"version-history":[{"count":1,"href":"https:\/\/www.sincomam.org.br\/index.php\/wp-json\/wp\/v2\/posts\/12864\/revisions"}],"predecessor-version":[{"id":12865,"href":"https:\/\/www.sincomam.org.br\/index.php\/wp-json\/wp\/v2\/posts\/12864\/revisions\/12865"}],"wp:attachment":[{"href":"https:\/\/www.sincomam.org.br\/index.php\/wp-json\/wp\/v2\/media?parent=12864"}],"wp:term":[{"taxonomy":"category","embeddable":true,"href":"https:\/\/www.sincomam.org.br\/index.php\/wp-json\/wp\/v2\/categories?post=12864"},{"taxonomy":"post_tag","embeddable":true,"href":"https:\/\/www.sincomam.org.br\/index.php\/wp-json\/wp\/v2\/tags?post=12864"}],"curies":[{"name":"wp","href":"https:\/\/api.w.org\/{rel}","templated":true}]}}