{"id":12851,"date":"2015-06-17T09:33:56","date_gmt":"2015-06-17T12:33:56","guid":{"rendered":"http:\/\/www.sincomam.org.br\/?p=12851"},"modified":"2015-06-17T09:33:56","modified_gmt":"2015-06-17T12:33:56","slug":"porto-do-pecem-recebera-r-220-mi-com-nova-fabrica-de-cimento","status":"publish","type":"post","link":"https:\/\/www.sincomam.org.br\/index.php\/porto-do-pecem-recebera-r-220-mi-com-nova-fabrica-de-cimento\/","title":{"rendered":"Porto do Pec\u00e9m receber\u00e1 R$ 220 mi com nova f\u00e1brica de cimento"},"content":{"rendered":"<p>A crise econ\u00f4mica pode inibir o ritmo de investimentos por algumas empresas, mas outras apostam na adversidade para crescer e ampliar mercados para o futuro. \u00c9 justamente o que est\u00e1 acontecendo com o Grupo Polimix, com sede em S\u00e3o Paulo, que desembarca no Cear\u00e1 para investir R$ 220 milh\u00f5es na constru\u00e7\u00e3o de uma f\u00e1brica de cimento no Complexo Industrial e Portu\u00e1rio do Pec\u00e9m. A informa\u00e7\u00e3o foi revelada pelo Jornal Folha de S\u00e3o Paulo, edi\u00e7\u00e3o de ontem, ter\u00e7a-feira (16\/06).<\/p>\n<p>As negocia\u00e7\u00f5es para a constru\u00e7\u00e3o da f\u00e1brica, que depende nesse momento apenas de licen\u00e7a ambiental, foram abertas durante a gest\u00e3o do ent\u00e3o governador Cid Gomes e consolidadas nesses primeiros cinco meses da administra\u00e7\u00e3o Camilo Santana (PT). Camilo recomendou aos secret\u00e1rios das \u00e1reas econ\u00f4mica e pol\u00edtica agilidade e menos burocracia nas reuni\u00f5es, conversas e articula\u00e7\u00f5es com as empresas interessadas em se instalarem no Cear\u00e1.<\/p>\n<p>O Grupo Polimix projeta iniciar as obras de constru\u00e7\u00e3o da f\u00e1brica de cimento no Pec\u00e9m dentro de 10 a 12 meses.\u00a0 Do total de R$ 200 milh\u00f5es de investimentos, o grupo projeto, na primeira etapa, investir R$ 140 milh\u00f5es para produzir 900 mil toneladas por ano. H\u00e1 uma segunda linha j\u00e1 prevista, que dobrar\u00e1 a capacidade da f\u00e1brica, com aporte de mais R$ 80 milh\u00f5es.<\/p>\n<p>Sem receio com o cen\u00e1rio econ\u00f4mico, o Grupo Polimix decidiu manter a expans\u00e3o de olho na futura retomada do crescimento. Principalmente no Nordeste, h\u00e1 muita car\u00eancia por obras de infraestrutura que demandar\u00e3o grandes quantidades de cimento\u201d, afirma o diretor Jos\u00e9 Antero dos Santos, ao revelar que a empresa\u00a0 avalia linhas do Banco do Nordeste para financiar de 60% a 70% dos recursos para o projeto.<\/p>\n<p>Com a Polimix, o Pec\u00e9m receber\u00e1 a terceira f\u00e1brica de cimento \u2013 outras, a Votorantim e a Apodi (um dos s\u00f3cios \u00e9 o empres\u00e1rio Ivens Dias Branco, do grupo aliment\u00edcio M. Dias Branco), j\u00e1 se instalaram no Complexo Portu\u00e1rio, o que o transforma, no entender do presidente da Ag\u00eancia de Desenvolvimento Econ\u00f4mico do Cear\u00e1 (Adece), Ferr\u00facio Feitosa, em p\u00f3lo cimenteiro. O cimento usa um subproduto da siderurgia, a esc\u00f3ria obtida nos altos-fornos.<\/p>\n<p>Fonte: Cear\u00e1 Agora<\/p>\n","protected":false},"excerpt":{"rendered":"<p>A crise econ\u00f4mica pode inibir o ritmo de investimentos por algumas empresas, mas outras apostam na adversidade para crescer e ampliar mercados para o futuro&#8230;.<\/p>\n","protected":false},"author":1182,"featured_media":10090,"comment_status":"closed","ping_status":"closed","sticky":false,"template":"","format":"standard","meta":{"footnotes":""},"categories":[6],"tags":[],"class_list":["post-12851","post","type-post","status-publish","format-standard","has-post-thumbnail","hentry","category-noticias"],"_links":{"self":[{"href":"https:\/\/www.sincomam.org.br\/index.php\/wp-json\/wp\/v2\/posts\/12851","targetHints":{"allow":["GET"]}}],"collection":[{"href":"https:\/\/www.sincomam.org.br\/index.php\/wp-json\/wp\/v2\/posts"}],"about":[{"href":"https:\/\/www.sincomam.org.br\/index.php\/wp-json\/wp\/v2\/types\/post"}],"author":[{"embeddable":true,"href":"https:\/\/www.sincomam.org.br\/index.php\/wp-json\/wp\/v2\/users\/1182"}],"replies":[{"embeddable":true,"href":"https:\/\/www.sincomam.org.br\/index.php\/wp-json\/wp\/v2\/comments?post=12851"}],"version-history":[{"count":1,"href":"https:\/\/www.sincomam.org.br\/index.php\/wp-json\/wp\/v2\/posts\/12851\/revisions"}],"predecessor-version":[{"id":12852,"href":"https:\/\/www.sincomam.org.br\/index.php\/wp-json\/wp\/v2\/posts\/12851\/revisions\/12852"}],"wp:featuredmedia":[{"embeddable":true,"href":"https:\/\/www.sincomam.org.br\/index.php\/wp-json\/wp\/v2\/media\/10090"}],"wp:attachment":[{"href":"https:\/\/www.sincomam.org.br\/index.php\/wp-json\/wp\/v2\/media?parent=12851"}],"wp:term":[{"taxonomy":"category","embeddable":true,"href":"https:\/\/www.sincomam.org.br\/index.php\/wp-json\/wp\/v2\/categories?post=12851"},{"taxonomy":"post_tag","embeddable":true,"href":"https:\/\/www.sincomam.org.br\/index.php\/wp-json\/wp\/v2\/tags?post=12851"}],"curies":[{"name":"wp","href":"https:\/\/api.w.org\/{rel}","templated":true}]}}