{"id":12848,"date":"2015-06-16T13:44:07","date_gmt":"2015-06-16T16:44:07","guid":{"rendered":"http:\/\/www.sincomam.org.br\/?p=12848"},"modified":"2015-06-16T13:44:07","modified_gmt":"2015-06-16T16:44:07","slug":"marinha-encerra-inscricoes-para-230-vagas-no-colegio-naval","status":"publish","type":"post","link":"https:\/\/www.sincomam.org.br\/index.php\/marinha-encerra-inscricoes-para-230-vagas-no-colegio-naval\/","title":{"rendered":"Marinha encerra inscri\u00e7\u00f5es para 230 vagas no Col\u00e9gio Naval"},"content":{"rendered":"<p><strong><em>Per\u00edodo da forma\u00e7\u00e3o ser\u00e1 conduzido em regime de internato, e ter\u00e1 a dura\u00e7\u00e3o de 3 anos letivos<\/p>\n<p><\/em><\/strong><\/p>\n<p>Terminaram nesta segunda-feira (15) as inscri\u00e7\u00f5es para as 230 vagas do Col\u00e9gio Naval, da Marinha, com sede em Angra dos Reis, no Rio de Janeiro.<\/p>\n<p>O curso conduzido pelo CN denominado \u201cCurso de Prepara\u00e7\u00e3o de Aspirantes\u201d, \u00e9 destinado ao preparo intelectual e f\u00edsico do aluno para o ingresso na o Curso de Gradua\u00e7\u00e3o da Escola Naval (EN). O per\u00edodo da forma\u00e7\u00e3o ser\u00e1 conduzido em regime de internato, e ter\u00e1 a dura\u00e7\u00e3o de 3 anos letivos.<\/p>\n<p>Para participar da sele\u00e7\u00e3o, os candidatos devem ter n\u00edvel fundamental completo, 15 anos completos e menos de 18 anos no primeiro dia do m\u00eas de janeiro de 2016.<\/p>\n<p>As inscri\u00e7\u00f5es podem ser pelos sites www.ensino.mar.mil.br e www.ingressonamarinha.mar.mil.br. A taxa \u00e9 de R$ 25.A sele\u00e7\u00e3o ser\u00e1 feita por meio de prova escrita de matem\u00e1tica, estudos sociais, ci\u00eancia, portugu\u00eas e reda\u00e7\u00e3o, inspe\u00e7\u00e3o de sa\u00fade e teste de aptid\u00e3o f\u00edsica. Ainda haver\u00e1 curso de forma\u00e7\u00e3o.<\/p>\n<p>As provas ser\u00e3o aplicadas nas cidades do Rio de Janeiro, S\u00e3o Pedro da Aldeia (RJ), Angra dos Reis (RJ), Vila Velha (ES), Salvador, Natal, Olinda (PE), Fortaleza, Bel\u00e9m, S\u00e3o Luis, Rio Grande (RS), Santa Maria (RS), Curitiba, Porto Alegre, Florian\u00f3polis, Lad\u00e1rio (MS), Cuiab\u00e1, Bras\u00edlia, S\u00e3o Paulo e Manaus. A data das provas ainda ser\u00e1 divulgada. O resultado final est\u00e1 previsto para sair no dia 18 de dezembro de 2015. De 17 de janeiro a 10 de fevereiro de 2016, os candidatos ter\u00e3o o per\u00edodo de adapta\u00e7\u00e3o. O curso tem in\u00edcio no dia 11 de fevereiro de 2016.<\/p>\n<p>Fonte: iBahia<\/p>\n<p><strong><em><\/em><\/strong><\/p>\n","protected":false},"excerpt":{"rendered":"<p>Per\u00edodo da forma\u00e7\u00e3o ser\u00e1 conduzido em regime de internato, e ter\u00e1 a dura\u00e7\u00e3o de 3 anos letivos Terminaram nesta segunda-feira (15) as inscri\u00e7\u00f5es para as&#8230;<\/p>\n","protected":false},"author":1182,"featured_media":10363,"comment_status":"closed","ping_status":"closed","sticky":false,"template":"","format":"standard","meta":{"footnotes":""},"categories":[6],"tags":[],"class_list":["post-12848","post","type-post","status-publish","format-standard","has-post-thumbnail","hentry","category-noticias"],"_links":{"self":[{"href":"https:\/\/www.sincomam.org.br\/index.php\/wp-json\/wp\/v2\/posts\/12848","targetHints":{"allow":["GET"]}}],"collection":[{"href":"https:\/\/www.sincomam.org.br\/index.php\/wp-json\/wp\/v2\/posts"}],"about":[{"href":"https:\/\/www.sincomam.org.br\/index.php\/wp-json\/wp\/v2\/types\/post"}],"author":[{"embeddable":true,"href":"https:\/\/www.sincomam.org.br\/index.php\/wp-json\/wp\/v2\/users\/1182"}],"replies":[{"embeddable":true,"href":"https:\/\/www.sincomam.org.br\/index.php\/wp-json\/wp\/v2\/comments?post=12848"}],"version-history":[{"count":1,"href":"https:\/\/www.sincomam.org.br\/index.php\/wp-json\/wp\/v2\/posts\/12848\/revisions"}],"predecessor-version":[{"id":12849,"href":"https:\/\/www.sincomam.org.br\/index.php\/wp-json\/wp\/v2\/posts\/12848\/revisions\/12849"}],"wp:featuredmedia":[{"embeddable":true,"href":"https:\/\/www.sincomam.org.br\/index.php\/wp-json\/wp\/v2\/media\/10363"}],"wp:attachment":[{"href":"https:\/\/www.sincomam.org.br\/index.php\/wp-json\/wp\/v2\/media?parent=12848"}],"wp:term":[{"taxonomy":"category","embeddable":true,"href":"https:\/\/www.sincomam.org.br\/index.php\/wp-json\/wp\/v2\/categories?post=12848"},{"taxonomy":"post_tag","embeddable":true,"href":"https:\/\/www.sincomam.org.br\/index.php\/wp-json\/wp\/v2\/tags?post=12848"}],"curies":[{"name":"wp","href":"https:\/\/api.w.org\/{rel}","templated":true}]}}