{"id":12795,"date":"2015-06-16T09:46:52","date_gmt":"2015-06-16T12:46:52","guid":{"rendered":"http:\/\/www.sincomam.org.br\/?p=12795"},"modified":"2015-06-16T09:46:52","modified_gmt":"2015-06-16T12:46:52","slug":"setor-portuario-tem-alta-de-25-na-movimentacao","status":"publish","type":"post","link":"https:\/\/www.sincomam.org.br\/index.php\/setor-portuario-tem-alta-de-25-na-movimentacao\/","title":{"rendered":"Setor portu\u00e1rio tem alta de 2,5% na movimenta\u00e7\u00e3o"},"content":{"rendered":"<p><strong><em>Os terminais privados registraram um aumento de 5,8% no primeiro trimestre<\/em><\/strong><\/p>\n<p>O setor portu\u00e1rio brasileiro movimentou 224,8 milh\u00f5es de toneladas brutas, uma alta de 2,5% em rela\u00e7\u00e3o ao primeiro trimestre de 2014. Essa porcentagem correspondeu a um acr\u00e9scimo de 5,5 milh\u00f5es de toneladas movimentados. Os portos organizados apresentaram uma queda de 3,2% no primeiro trimestre de 2015 quando comparado com o primeiro trimestre de 2014. J\u00e1 os terminais privados registraram um aumento de 5,8% no mesmo per\u00edodo.<\/p>\n<p>Os incrementos absolutos mais significativos entre os grupos de mercadoria de maiores movimenta\u00e7\u00f5es no per\u00edodo foram observados na movimenta\u00e7\u00e3o de min\u00e9rio de ferro (3,8 milh\u00f5es de toneladas, acr\u00e9scimo de 5,1%), combust\u00edveis (1,4 milh\u00f5es de toneladas, acr\u00e9scimo de 3%), farelo de soja (um milh\u00e3o de toneladas, acr\u00e9scimo de 46,3%) e cont\u00eaineres (959 mil toneladas, cerca de 4% de aumento).<\/p>\n<p>Por outro lado, surgiram no primeiro trimestre de 2015 dois destaques negativos: a movimenta\u00e7\u00e3o de soja (1,5 milh\u00e3o de toneladas a menos, resultando em queda de 11,2%) e de fertilizante (918 mil toneladas a menos, resultando em queda de 16,7%).<\/p>\n<p>O granel s\u00f3lido continua com sua participa\u00e7\u00e3o substancial na movimenta\u00e7\u00e3o total de cargas do pa\u00eds, da ordem de 60%. Os dez principais grupos de mercadorias movimentados nas instala\u00e7\u00f5es portu\u00e1rias do Pa\u00eds, que responderam por 87,6% da tonelagem de cargas no trimestre, sete s\u00e3o s\u00f3lidos transportados a granel, sendo que o min\u00e9rio de ferro, sozinho, corresponde a 35,4% da movimenta\u00e7\u00e3o total de cargas nos portos brasileiros.<\/p>\n<p>Fonte: Guia Mar\u00edtimo<\/p>\n","protected":false},"excerpt":{"rendered":"<p>Os terminais privados registraram um aumento de 5,8% no primeiro trimestre O setor portu\u00e1rio brasileiro movimentou 224,8 milh\u00f5es de toneladas brutas, uma alta de 2,5%&#8230;<\/p>\n","protected":false},"author":1182,"featured_media":286,"comment_status":"closed","ping_status":"closed","sticky":false,"template":"","format":"standard","meta":{"footnotes":""},"categories":[6],"tags":[],"class_list":["post-12795","post","type-post","status-publish","format-standard","has-post-thumbnail","hentry","category-noticias"],"_links":{"self":[{"href":"https:\/\/www.sincomam.org.br\/index.php\/wp-json\/wp\/v2\/posts\/12795","targetHints":{"allow":["GET"]}}],"collection":[{"href":"https:\/\/www.sincomam.org.br\/index.php\/wp-json\/wp\/v2\/posts"}],"about":[{"href":"https:\/\/www.sincomam.org.br\/index.php\/wp-json\/wp\/v2\/types\/post"}],"author":[{"embeddable":true,"href":"https:\/\/www.sincomam.org.br\/index.php\/wp-json\/wp\/v2\/users\/1182"}],"replies":[{"embeddable":true,"href":"https:\/\/www.sincomam.org.br\/index.php\/wp-json\/wp\/v2\/comments?post=12795"}],"version-history":[{"count":1,"href":"https:\/\/www.sincomam.org.br\/index.php\/wp-json\/wp\/v2\/posts\/12795\/revisions"}],"predecessor-version":[{"id":12796,"href":"https:\/\/www.sincomam.org.br\/index.php\/wp-json\/wp\/v2\/posts\/12795\/revisions\/12796"}],"wp:featuredmedia":[{"embeddable":true,"href":"https:\/\/www.sincomam.org.br\/index.php\/wp-json\/wp\/v2\/media\/286"}],"wp:attachment":[{"href":"https:\/\/www.sincomam.org.br\/index.php\/wp-json\/wp\/v2\/media?parent=12795"}],"wp:term":[{"taxonomy":"category","embeddable":true,"href":"https:\/\/www.sincomam.org.br\/index.php\/wp-json\/wp\/v2\/categories?post=12795"},{"taxonomy":"post_tag","embeddable":true,"href":"https:\/\/www.sincomam.org.br\/index.php\/wp-json\/wp\/v2\/tags?post=12795"}],"curies":[{"name":"wp","href":"https:\/\/api.w.org\/{rel}","templated":true}]}}