{"id":12775,"date":"2015-06-15T10:46:23","date_gmt":"2015-06-15T13:46:23","guid":{"rendered":"http:\/\/www.sincomam.org.br\/?p=12775"},"modified":"2015-06-15T10:46:23","modified_gmt":"2015-06-15T13:46:23","slug":"governo-corre-em-busca-de-calculo-para-aposentadoria","status":"publish","type":"post","link":"https:\/\/www.sincomam.org.br\/index.php\/governo-corre-em-busca-de-calculo-para-aposentadoria\/","title":{"rendered":"Governo corre em busca de c\u00e1lculo para aposentadoria"},"content":{"rendered":"<p><strong><em>Dilma deve vetar mudan\u00e7a no fator previdenci\u00e1rio at\u00e9 quarta-feira<\/em><\/strong><\/p>\n<p>O governo deve apresentar hoje \u00e0s centrais sindicais uma proposta alternativa \u00e0 mudan\u00e7a na aplica\u00e7\u00e3o do fator previdenci\u00e1rio aprovada pelo Congresso em maio. T\u00e9cnicos dos minist\u00e9rios da Previd\u00eancia e do Planejamento passaram o fim de semana estudando f\u00f3rmulas que foram debatidas ontem \u00e0 noite, no Pal\u00e1cio do Planalto, pelos ministros Carlos Gabas (Previd\u00eancia), Miguel Rossetto (Secretaria-Geral) e Aloizio Mercadante (Casa Civil), e por Dyogo Oliveira, secret\u00e1rio-executivo do Planejamento. Fontes do governo afirmaram que a tend\u00eancia \u00e9 que a presidente Dilma Rousseff vete as altera\u00e7\u00f5es aprovadas pelos deputados e senadores e apresente um novo c\u00e1lculo chamado de \u201csistema progressivo\u201d.<\/p>\n<p>Gabas e Rossetto t\u00eam reuni\u00e3o marcada com as centrais sindicais \u00e0s 14h de hoje. Dilma deve tomar uma decis\u00e3o sobre a nova f\u00f3rmula para pagamento das aposentadorias at\u00e9 quarta-feira, quando vence o prazo para vetar ou sancionar o novo fator previdenci\u00e1rio.<\/p>\n<p>Os parlamentares estabeleceram uma nova regra, chamada \u201c85\/95\u201d, que previa a n\u00e3o aplica\u00e7\u00e3o do fator previdenci\u00e1rio \u2014 que reduz o valor das aposentadorias \u2014 quando a soma da idade com o tempo de contribui\u00e7\u00e3o atingisse 85 anos, no caso das mulheres, e 95 anos, no caso dos homens.<\/p>\n<p>A principal ideia hoje do governo, para evitar um aumento do rombo da Previd\u00eancia, \u00e9 apresentar uma proposta que use como base a f\u00f3rmula aprovada no Congresso, mas cujas exig\u00eancias avancem ao longo de 30 anos, chegando no fim do per\u00edodo a uma regra em que a soma do tempo de contribui\u00e7\u00e3o com a idade para a n\u00e3o aplica\u00e7\u00e3o do fator seja de 100 anos (mulheres) e 105 anos (homens).<\/p>\n<p>A preocupa\u00e7\u00e3o central do governo \u00e9 com a fragiliza\u00e7\u00e3o crescente da Previd\u00eancia, devido ao aumento da longevidade da popula\u00e7\u00e3o. Segundo essa proposta, a f\u00f3rmula 85\/95 entraria em vigor agora, mas a cada dois anos a soma do tempo m\u00ednimo de contribui\u00e7\u00e3o e idade aumentaria em um ano para as mulheres. Para os homens, a cada tr\u00eas anos, a soma aumentaria um ano. H\u00e1 a possibilidade de o governo negociar uma car\u00eancia de cinco anos para o in\u00edcio do aumento das exig\u00eancias. Segundo t\u00e9cnicos, isso levaria \u00e0 vig\u00eancia do c\u00e1lculo \u201c100\/105\u201d apenas em 2048.<\/p>\n<p><strong>Estudo sobre idade m\u00ednima<\/strong><\/p>\n<p>Na avalia\u00e7\u00e3o de auxiliares presidenciais, esse sistema seria mais f\u00e1cil de transitar no Congresso e nas centrais sindicais e n\u00e3o precisaria ser aprovado por proposta de emenda constitucional (PEC), na qual o governo precisa de ao menos 308 votos na C\u00e2mara e 49 no Senado \u2014 com vota\u00e7\u00e3o em dois turnos. Fontes disseram ao GLOBO que as condi\u00e7\u00f5es pol\u00edticas n\u00e3o s\u00e3o favor\u00e1veis a uma PEC neste momento.<\/p>\n<p>H\u00e1 estudos tamb\u00e9m para a ado\u00e7\u00e3o de idade m\u00ednima, de 55 anos para as mulheres e 60 anos para os homens. Essa proposta, por\u00e9m, \u00e9 rejeitada historicamente pelas centrais sindicais. Elas argumentam que a medida prejudica quem come\u00e7a a trabalhar mais cedo.<\/p>\n<p><strong>Cunha ironiza vaias petistas<\/strong><\/p>\n<p>Ap\u00f3s ser vaiado no 5\u00ba Congresso do PT, em Salvador, o presidente da C\u00e2mara dos Deputados, Eduardo Cunha (PMDB-RJ), usou sua conta no Twitter para fazer o contra-ataque. Em uma s\u00e9rie de mensagens, o parlamentar disse que ser hostilizado por petistas significa estar no rumo correto.<\/p>\n<p>\u201cQuero agradecer as manifesta\u00e7\u00f5es de hostilidade no congresso do PT. Isso \u00e9 sinal de que estou no caminho certo. (&#8230;) E, realmente, ficaria preocupado se eles me aplaudissem porque seria sinal de que eu estou fazendo tudo errado\u201d, completou.<\/p>\n<p>O presidente da C\u00e2mara, em entrevista ao jornal \u201cO Estado de S.Paulo\u201d, publicada ontem, afirmou que, se o vice-presidente da Rep\u00fablica, o peemedebista Michel Temer, deixar a articula\u00e7\u00e3o pol\u00edtica do Planalto, o PMDB romper\u00e1 com o governo. E que seu partido n\u00e3o repetir\u00e1 a alian\u00e7a com o PT nas elei\u00e7\u00f5es de 2018. No Twitter, ele refor\u00e7ou a ideia: \u201cO PMDB est\u00e1 cansado de ser agredido pelo PT constantemente e \u00e9 por isso que declarei ao Estad\u00e3o que essa alian\u00e7a n\u00e3o se repetir\u00e1\u201d.<\/p>\n<p>Procurados, petistas e peemedebistas minimizaram a crise, descartando a possibilidade de Temer deixar a articula\u00e7\u00e3o pol\u00edtica do governo.<\/p>\n<p>Fonte: O Globo \/ Geralda Doca \/ Simone Iglesias<\/p>\n","protected":false},"excerpt":{"rendered":"<p>Dilma deve vetar mudan\u00e7a no fator previdenci\u00e1rio at\u00e9 quarta-feira O governo deve apresentar hoje \u00e0s centrais sindicais uma proposta alternativa \u00e0 mudan\u00e7a na aplica\u00e7\u00e3o do&#8230;<\/p>\n","protected":false},"author":1182,"featured_media":9827,"comment_status":"closed","ping_status":"closed","sticky":false,"template":"","format":"standard","meta":{"footnotes":""},"categories":[6],"tags":[],"class_list":["post-12775","post","type-post","status-publish","format-standard","has-post-thumbnail","hentry","category-noticias"],"_links":{"self":[{"href":"https:\/\/www.sincomam.org.br\/index.php\/wp-json\/wp\/v2\/posts\/12775","targetHints":{"allow":["GET"]}}],"collection":[{"href":"https:\/\/www.sincomam.org.br\/index.php\/wp-json\/wp\/v2\/posts"}],"about":[{"href":"https:\/\/www.sincomam.org.br\/index.php\/wp-json\/wp\/v2\/types\/post"}],"author":[{"embeddable":true,"href":"https:\/\/www.sincomam.org.br\/index.php\/wp-json\/wp\/v2\/users\/1182"}],"replies":[{"embeddable":true,"href":"https:\/\/www.sincomam.org.br\/index.php\/wp-json\/wp\/v2\/comments?post=12775"}],"version-history":[{"count":1,"href":"https:\/\/www.sincomam.org.br\/index.php\/wp-json\/wp\/v2\/posts\/12775\/revisions"}],"predecessor-version":[{"id":12776,"href":"https:\/\/www.sincomam.org.br\/index.php\/wp-json\/wp\/v2\/posts\/12775\/revisions\/12776"}],"wp:featuredmedia":[{"embeddable":true,"href":"https:\/\/www.sincomam.org.br\/index.php\/wp-json\/wp\/v2\/media\/9827"}],"wp:attachment":[{"href":"https:\/\/www.sincomam.org.br\/index.php\/wp-json\/wp\/v2\/media?parent=12775"}],"wp:term":[{"taxonomy":"category","embeddable":true,"href":"https:\/\/www.sincomam.org.br\/index.php\/wp-json\/wp\/v2\/categories?post=12775"},{"taxonomy":"post_tag","embeddable":true,"href":"https:\/\/www.sincomam.org.br\/index.php\/wp-json\/wp\/v2\/tags?post=12775"}],"curies":[{"name":"wp","href":"https:\/\/api.w.org\/{rel}","templated":true}]}}