{"id":12747,"date":"2015-06-12T08:02:46","date_gmt":"2015-06-12T11:02:46","guid":{"rendered":"http:\/\/www.sincomam.org.br\/?p=12747"},"modified":"2015-06-12T14:06:26","modified_gmt":"2015-06-12T17:06:26","slug":"governo-lancara-licitacoes-para-exploracao-de-petroleo-em-julho","status":"publish","type":"post","link":"https:\/\/www.sincomam.org.br\/index.php\/governo-lancara-licitacoes-para-exploracao-de-petroleo-em-julho\/","title":{"rendered":"Governo lan\u00e7ar\u00e1 licita\u00e7\u00f5es para explora\u00e7\u00e3o de petr\u00f3leo em julho"},"content":{"rendered":"<p>O ministro de Minas e Energia, Eduardo Braga, informou ontem, quinta-feira (11), que a 13\u00aa Rodada de Licita\u00e7\u00f5es de Blocos Explorat\u00f3rios de Petr\u00f3leo e G\u00e1s Natural ser\u00e1 lan\u00e7ada no dia 7 de julho, em cerim\u00f4nia no Pal\u00e1cio do Planalto com a participa\u00e7\u00e3o da presidenta Dilma Rousseff.<\/p>\n<p>O an\u00fancio faz parte do pacote de medidas para o setor de energia que, conforme informou Dilma, o governo far\u00e1 como parte da estrat\u00e9gia de retomada do crescimento da economia. No dia 4 de agosto, ser\u00e1 lan\u00e7ado o pacote de novos leil\u00f5es do setor el\u00e9trico e o governo anunciar\u00e1 investimentos para os pr\u00f3ximos quatro anos.<\/p>\n<p>Nesta semana, o Conselho Nacional de Pol\u00edtica Energ\u00e9tica (CNPE) formalizou autoriza\u00e7\u00e3o para a rodada de leil\u00f5es, em publica\u00e7\u00e3o no Di\u00e1rio Oficial da Uni\u00e3o. Ser\u00e3o licitados 266 blocos, num total de 125 mil quil\u00f4metros quadrados. Tamb\u00e9m ser\u00e3o ofertados 11 campos marginais.<\/p>\n<p>\u201cEstamos com bastante esperan\u00e7a e otimismo. Vamos lan\u00e7\u00e1-lo no dia 7 de julho, com a presidenta Dilma presente, aqui em Bras\u00edlia, no Pal\u00e1cio do Planalto, para que possamos oficialmente dar partida \u00e0 d\u00e9cima terceira rodada\u201d, disse. O leil\u00e3o ser\u00e1 em outubro e a expectativa do governo \u00e9 arrecadar entre R$ 1,5 bilh\u00e3o e R$ 2 bilh\u00f5es.<\/p>\n<p>Fonte: Ag\u00eancia Brasil<\/p>\n","protected":false},"excerpt":{"rendered":"<p>O ministro de Minas e Energia, Eduardo Braga, informou ontem, quinta-feira (11), que a 13\u00aa Rodada de Licita\u00e7\u00f5es de Blocos Explorat\u00f3rios de Petr\u00f3leo e G\u00e1s&#8230;<\/p>\n","protected":false},"author":1182,"featured_media":5099,"comment_status":"closed","ping_status":"closed","sticky":false,"template":"","format":"standard","meta":{"footnotes":""},"categories":[6],"tags":[],"class_list":["post-12747","post","type-post","status-publish","format-standard","has-post-thumbnail","hentry","category-noticias"],"_links":{"self":[{"href":"https:\/\/www.sincomam.org.br\/index.php\/wp-json\/wp\/v2\/posts\/12747","targetHints":{"allow":["GET"]}}],"collection":[{"href":"https:\/\/www.sincomam.org.br\/index.php\/wp-json\/wp\/v2\/posts"}],"about":[{"href":"https:\/\/www.sincomam.org.br\/index.php\/wp-json\/wp\/v2\/types\/post"}],"author":[{"embeddable":true,"href":"https:\/\/www.sincomam.org.br\/index.php\/wp-json\/wp\/v2\/users\/1182"}],"replies":[{"embeddable":true,"href":"https:\/\/www.sincomam.org.br\/index.php\/wp-json\/wp\/v2\/comments?post=12747"}],"version-history":[{"count":1,"href":"https:\/\/www.sincomam.org.br\/index.php\/wp-json\/wp\/v2\/posts\/12747\/revisions"}],"predecessor-version":[{"id":12748,"href":"https:\/\/www.sincomam.org.br\/index.php\/wp-json\/wp\/v2\/posts\/12747\/revisions\/12748"}],"wp:featuredmedia":[{"embeddable":true,"href":"https:\/\/www.sincomam.org.br\/index.php\/wp-json\/wp\/v2\/media\/5099"}],"wp:attachment":[{"href":"https:\/\/www.sincomam.org.br\/index.php\/wp-json\/wp\/v2\/media?parent=12747"}],"wp:term":[{"taxonomy":"category","embeddable":true,"href":"https:\/\/www.sincomam.org.br\/index.php\/wp-json\/wp\/v2\/categories?post=12747"},{"taxonomy":"post_tag","embeddable":true,"href":"https:\/\/www.sincomam.org.br\/index.php\/wp-json\/wp\/v2\/tags?post=12747"}],"curies":[{"name":"wp","href":"https:\/\/api.w.org\/{rel}","templated":true}]}}